{"id":10612,"date":"2025-05-26T19:41:37","date_gmt":"2025-05-26T22:41:37","guid":{"rendered":"https:\/\/lavozdetodos.com.ar\/?p=10612"},"modified":"2025-06-01T19:42:36","modified_gmt":"2025-06-01T22:42:36","slug":"entrega-de-libros-a-las-escuelas-de-arroyo-baru","status":"publish","type":"post","link":"https:\/\/lavozdetodos.com.ar\/?p=10612","title":{"rendered":"Entrega de Libros a las Escuelas de Arroyo Bar\u00fa"},"content":{"rendered":"<p>El Presidente Comunal Javier Soto llev\u00f3 a cabo la entrega de libros a la escuela primaria y secundaria de Arroyo Bar\u00fa, gracias a una gesti\u00f3n realizada por la Comuna en la Editorial de Entre R\u00edos. Recibieron estas donaciones sus directoras Andrea Brem y Cristina Delasoie.<br class=\"html-br\" \/><br class=\"html-br\" \/>Los libros entregados pertenecen a una serie de autores entrerrianos y esta iniciativa busca fomentar la lectura y el aprendizaje en la comunidad educativa.<br class=\"html-br\" \/><br class=\"html-br\" \/>\u00a0El Presidente Comunal destac\u00f3 la importancia de la educaci\u00f3n y el acceso a materiales de calidad para los estudiantes. Los libros entregados ser\u00e1n de gran beneficio para los alumnos y docentes de la instituci\u00f3n.<br class=\"html-br\" \/><br class=\"html-br\" \/>\u00a0La Comuna de Arroyo Bar\u00fa hace un agradecimiento especial a Fabi\u00e1n Reato, Director de la Editorial de Entre R\u00edos.<\/p>\n","protected":false},"excerpt":{"rendered":"<p>El Presidente Comunal Javier Soto llev\u00f3 a cabo la entrega de libros a la escuela primaria y secundaria de Arroyo Bar\u00fa, gracias a una gesti\u00f3n realizada por la Comuna en&#8230;<\/p>\n","protected":false},"author":5,"featured_media":10613,"comment_status":"closed","ping_status":"closed","sticky":false,"template":"","format":"standard","meta":{"_kad_post_transparent":"","_kad_post_title":"","_kad_post_layout":"","_kad_post_sidebar_id":"","_kad_post_content_style":"","_kad_post_vertical_padding":"","_kad_post_feature":"","_kad_post_feature_position":"","_kad_post_header":false,"_kad_post_footer":false,"_kad_post_classname":"","footnotes":""},"categories":[8,1],"tags":[],"class_list":["post-10612","post","type-post","status-publish","format-standard","has-post-thumbnail","hentry","category-locales","category-ultimas-noticias"],"_links":{"self":[{"href":"https:\/\/lavozdetodos.com.ar\/index.php?rest_route=\/wp\/v2\/posts\/10612","targetHints":{"allow":["GET"]}}],"collection":[{"href":"https:\/\/lavozdetodos.com.ar\/index.php?rest_route=\/wp\/v2\/posts"}],"about":[{"href":"https:\/\/lavozdetodos.com.ar\/index.php?rest_route=\/wp\/v2\/types\/post"}],"author":[{"embeddable":true,"href":"https:\/\/lavozdetodos.com.ar\/index.php?rest_route=\/wp\/v2\/users\/5"}],"replies":[{"embeddable":true,"href":"https:\/\/lavozdetodos.com.ar\/index.php?rest_route=%2Fwp%2Fv2%2Fcomments&post=10612"}],"version-history":[{"count":1,"href":"https:\/\/lavozdetodos.com.ar\/index.php?rest_route=\/wp\/v2\/posts\/10612\/revisions"}],"predecessor-version":[{"id":10614,"href":"https:\/\/lavozdetodos.com.ar\/index.php?rest_route=\/wp\/v2\/posts\/10612\/revisions\/10614"}],"wp:featuredmedia":[{"embeddable":true,"href":"https:\/\/lavozdetodos.com.ar\/index.php?rest_route=\/wp\/v2\/media\/10613"}],"wp:attachment":[{"href":"https:\/\/lavozdetodos.com.ar\/index.php?rest_route=%2Fwp%2Fv2%2Fmedia&parent=10612"}],"wp:term":[{"taxonomy":"category","embeddable":true,"href":"https:\/\/lavozdetodos.com.ar\/index.php?rest_route=%2Fwp%2Fv2%2Fcategories&post=10612"},{"taxonomy":"post_tag","embeddable":true,"href":"https:\/\/lavozdetodos.com.ar\/index.php?rest_route=%2Fwp%2Fv2%2Ftags&post=10612"}],"curies":[{"name":"wp","href":"https:\/\/api.w.org\/{rel}","templated":true}]}}