{"id":10799,"date":"2025-06-24T12:18:16","date_gmt":"2025-06-24T15:18:16","guid":{"rendered":"https:\/\/lavozdetodos.com.ar\/?p=10799"},"modified":"2026-02-27T19:42:54","modified_gmt":"2026-02-27T22:42:54","slug":"talleres-gratuitos-para-personas-mayores-continua-la-inscripcion-en-villa-elisa","status":"publish","type":"post","link":"https:\/\/lavozdetodos.com.ar\/?p=10799","title":{"rendered":"Talleres gratuitos para personas mayores: contin\u00faa la inscripci\u00f3n en Villa Elisa"},"content":{"rendered":"<p data-start=\"189\" data-end=\"405\">Desde el \u00c1rea de Adultos Mayores de la Municipalidad de Villa Elisa, se informa que siguen abiertas las inscripciones para participar de los talleres de Folklore y Arte, destinados a personas mayores de la comunidad.<\/p>\n<p data-start=\"407\" data-end=\"565\">Estas propuestas, de car\u00e1cter gratuito, ofrecen un espacio de encuentro, expresi\u00f3n y aprendizaje, fomentando la participaci\u00f3n activa y el v\u00ednculo entre pares.<\/p>\n<p data-start=\"567\" data-end=\"872\">El taller de Folklore se desarrolla los d\u00edas martes a las 15:00 en el Centro Uni\u00f3n de Jubilados (El \u00d1andubay 1075), con la coordinaci\u00f3n de Miriam Blanc. En tanto, el taller de Arte tiene lugar los martes de 8:30 a 10:30 en el Centro de Jubilados Mar\u00eda Auxiliadora (Irigoyen 1269), a cargo de Cintia Caire.<\/p>\n<p data-start=\"874\" data-end=\"980\">Quienes deseen sumarse, pueden acercarse directamente a los centros mencionados en los horarios indicados.<\/p>\n","protected":false},"excerpt":{"rendered":"<p>Desde el \u00c1rea de Adultos Mayores de la Municipalidad de Villa Elisa, se informa que siguen abiertas las inscripciones para participar de los talleres de Folklore y Arte, destinados a&#8230;<\/p>\n","protected":false},"author":5,"featured_media":10800,"comment_status":"closed","ping_status":"closed","sticky":false,"template":"","format":"standard","meta":{"_kad_post_transparent":"","_kad_post_title":"","_kad_post_layout":"","_kad_post_sidebar_id":"","_kad_post_content_style":"","_kad_post_vertical_padding":"","_kad_post_feature":"","_kad_post_feature_position":"","_kad_post_header":false,"_kad_post_footer":false,"_kad_post_classname":"","footnotes":""},"categories":[8,1],"tags":[],"class_list":["post-10799","post","type-post","status-publish","format-standard","has-post-thumbnail","hentry","category-locales","category-ultimas-noticias"],"_links":{"self":[{"href":"https:\/\/lavozdetodos.com.ar\/index.php?rest_route=\/wp\/v2\/posts\/10799","targetHints":{"allow":["GET"]}}],"collection":[{"href":"https:\/\/lavozdetodos.com.ar\/index.php?rest_route=\/wp\/v2\/posts"}],"about":[{"href":"https:\/\/lavozdetodos.com.ar\/index.php?rest_route=\/wp\/v2\/types\/post"}],"author":[{"embeddable":true,"href":"https:\/\/lavozdetodos.com.ar\/index.php?rest_route=\/wp\/v2\/users\/5"}],"replies":[{"embeddable":true,"href":"https:\/\/lavozdetodos.com.ar\/index.php?rest_route=%2Fwp%2Fv2%2Fcomments&post=10799"}],"version-history":[{"count":1,"href":"https:\/\/lavozdetodos.com.ar\/index.php?rest_route=\/wp\/v2\/posts\/10799\/revisions"}],"predecessor-version":[{"id":10801,"href":"https:\/\/lavozdetodos.com.ar\/index.php?rest_route=\/wp\/v2\/posts\/10799\/revisions\/10801"}],"wp:featuredmedia":[{"embeddable":true,"href":"https:\/\/lavozdetodos.com.ar\/index.php?rest_route=\/wp\/v2\/media\/10800"}],"wp:attachment":[{"href":"https:\/\/lavozdetodos.com.ar\/index.php?rest_route=%2Fwp%2Fv2%2Fmedia&parent=10799"}],"wp:term":[{"taxonomy":"category","embeddable":true,"href":"https:\/\/lavozdetodos.com.ar\/index.php?rest_route=%2Fwp%2Fv2%2Fcategories&post=10799"},{"taxonomy":"post_tag","embeddable":true,"href":"https:\/\/lavozdetodos.com.ar\/index.php?rest_route=%2Fwp%2Fv2%2Ftags&post=10799"}],"curies":[{"name":"wp","href":"https:\/\/api.w.org\/{rel}","templated":true}]}}