{"id":10877,"date":"2025-07-01T10:03:20","date_gmt":"2025-07-01T13:03:20","guid":{"rendered":"https:\/\/lavozdetodos.com.ar\/?p=10877"},"modified":"2025-07-04T10:04:12","modified_gmt":"2025-07-04T13:04:12","slug":"villa-elisa-presente-en-el-segundo-encuentro-de-discapacidad-e-inclusion-de-mercociudades","status":"publish","type":"post","link":"https:\/\/lavozdetodos.com.ar\/?p=10877","title":{"rendered":"Villa Elisa presente en el Segundo Encuentro de Discapacidad e Inclusi\u00f3n de Mercociudades"},"content":{"rendered":"<article class=\"text-token-text-primary w-full\" dir=\"auto\" data-testid=\"conversation-turn-6\" data-scroll-anchor=\"true\">\n<div class=\"text-base my-auto mx-auto py-5 [--thread-content-margin:--spacing(4)] @[37rem]:[--thread-content-margin:--spacing(6)] @[72rem]:[--thread-content-margin:--spacing(16)] px-(--thread-content-margin)\">\n<div class=\"[--thread-content-max-width:32rem] @[34rem]:[--thread-content-max-width:40rem] @[64rem]:[--thread-content-max-width:48rem] mx-auto flex max-w-(--thread-content-max-width) flex-1 text-base gap-4 md:gap-5 lg:gap-6 group\/turn-messages focus-visible:outline-hidden\">\n<div class=\"group\/conversation-turn relative flex w-full min-w-0 flex-col agent-turn\">\n<div class=\"relative flex-col gap-1 md:gap-3\">\n<div class=\"flex max-w-full flex-col grow\">\n<div class=\"min-h-8 text-message relative flex w-full flex-col items-end gap-2 text-start break-words whitespace-normal [.text-message+&amp;]:mt-5\" dir=\"auto\" data-message-author-role=\"assistant\" data-message-id=\"174ff0a9-dc11-47f0-9a39-feb6f3427b6e\" data-message-model-slug=\"gpt-4o\">\n<div class=\"flex w-full flex-col gap-1 empty:hidden first:pt-[3px]\">\n<div class=\"markdown prose dark:prose-invert w-full break-words light\">\n<p data-start=\"98\" data-end=\"464\">El pasado 27 de junio, Villa Elisa form\u00f3 parte del Segundo Encuentro de la Unidad Tem\u00e1tica de Discapacidad e Inclusi\u00f3n de Mercociudades, realizado en Cerrito. La jornada, que reuni\u00f3 a representantes de m\u00e1s de 70 ciudades, tuvo como eje la promoci\u00f3n de la <em data-start=\"353\" data-end=\"373\">vida independiente<\/em> para personas con discapacidad, en l\u00ednea con el Plan de Trabajo 2025 del espacio regional.<\/p>\n<p data-start=\"466\" data-end=\"758\">Durante el evento, municipios como Vicente L\u00f3pez y Lincoln compartieron sus experiencias en materia de inclusi\u00f3n, mientras que Cerrito present\u00f3 los recursos locales dedicados a esta tem\u00e1tica. Todos estos aportes resultar\u00e1n fundamentales para fortalecer el \u00c1rea de Discapacidad en Villa Elisa.<\/p>\n<p data-start=\"760\" data-end=\"936\" data-is-last-node=\"\" data-is-only-node=\"\">El encuentro concluy\u00f3 con un enriquecedor espacio de di\u00e1logo y una emotiva presentaci\u00f3n del Taller Municipal de Danza, que sum\u00f3 arte y compromiso a esta jornada de integraci\u00f3n.<\/p>\n<\/div>\n<\/div>\n<\/div>\n<\/div>\n<div class=\"flex min-h-[46px] justify-start\"><\/div>\n<\/div>\n<div class=\"aria-live=polite absolute\">\n<div class=\"flex items-center justify-center\"><\/div>\n<\/div>\n<\/div>\n<\/div>\n<\/div>\n<\/article>\n<div class=\"pointer-events-none h-px w-px\" aria-hidden=\"true\" data-edge=\"true\"><\/div>\n","protected":false},"excerpt":{"rendered":"<p>El pasado 27 de junio, Villa Elisa form\u00f3 parte del Segundo Encuentro de la Unidad Tem\u00e1tica de Discapacidad e Inclusi\u00f3n de Mercociudades, realizado en Cerrito. La jornada, que reuni\u00f3 a&#8230;<\/p>\n","protected":false},"author":5,"featured_media":10878,"comment_status":"closed","ping_status":"closed","sticky":false,"template":"","format":"standard","meta":{"_kad_post_transparent":"","_kad_post_title":"","_kad_post_layout":"","_kad_post_sidebar_id":"","_kad_post_content_style":"","_kad_post_vertical_padding":"","_kad_post_feature":"","_kad_post_feature_position":"","_kad_post_header":false,"_kad_post_footer":false,"_kad_post_classname":"","footnotes":""},"categories":[8,1],"tags":[],"class_list":["post-10877","post","type-post","status-publish","format-standard","has-post-thumbnail","hentry","category-locales","category-ultimas-noticias"],"_links":{"self":[{"href":"https:\/\/lavozdetodos.com.ar\/index.php?rest_route=\/wp\/v2\/posts\/10877","targetHints":{"allow":["GET"]}}],"collection":[{"href":"https:\/\/lavozdetodos.com.ar\/index.php?rest_route=\/wp\/v2\/posts"}],"about":[{"href":"https:\/\/lavozdetodos.com.ar\/index.php?rest_route=\/wp\/v2\/types\/post"}],"author":[{"embeddable":true,"href":"https:\/\/lavozdetodos.com.ar\/index.php?rest_route=\/wp\/v2\/users\/5"}],"replies":[{"embeddable":true,"href":"https:\/\/lavozdetodos.com.ar\/index.php?rest_route=%2Fwp%2Fv2%2Fcomments&post=10877"}],"version-history":[{"count":1,"href":"https:\/\/lavozdetodos.com.ar\/index.php?rest_route=\/wp\/v2\/posts\/10877\/revisions"}],"predecessor-version":[{"id":10879,"href":"https:\/\/lavozdetodos.com.ar\/index.php?rest_route=\/wp\/v2\/posts\/10877\/revisions\/10879"}],"wp:featuredmedia":[{"embeddable":true,"href":"https:\/\/lavozdetodos.com.ar\/index.php?rest_route=\/wp\/v2\/media\/10878"}],"wp:attachment":[{"href":"https:\/\/lavozdetodos.com.ar\/index.php?rest_route=%2Fwp%2Fv2%2Fmedia&parent=10877"}],"wp:term":[{"taxonomy":"category","embeddable":true,"href":"https:\/\/lavozdetodos.com.ar\/index.php?rest_route=%2Fwp%2Fv2%2Fcategories&post=10877"},{"taxonomy":"post_tag","embeddable":true,"href":"https:\/\/lavozdetodos.com.ar\/index.php?rest_route=%2Fwp%2Fv2%2Ftags&post=10877"}],"curies":[{"name":"wp","href":"https:\/\/api.w.org\/{rel}","templated":true}]}}