{"id":11090,"date":"2025-07-25T18:24:35","date_gmt":"2025-07-25T21:24:35","guid":{"rendered":"https:\/\/lavozdetodos.com.ar\/?p=11090"},"modified":"2025-07-25T18:24:35","modified_gmt":"2025-07-25T21:24:35","slug":"la-clarita-organiza-charla-informativa-sobre-salud-sexual-y-prevencion-del-cancer-de-cuello-uterino","status":"publish","type":"post","link":"https:\/\/lavozdetodos.com.ar\/?p=11090","title":{"rendered":"La Clarita organiza charla informativa sobre salud sexual y prevenci\u00f3n del c\u00e1ncer de cuello uterino"},"content":{"rendered":"<p data-start=\"241\" data-end=\"504\">La Comuna de La Clarita invita a la comunidad joven a participar de una charla informativa sobre c\u00e1ncer de cuello uterino y m\u00e9todos anticonceptivos, que se llevar\u00e1 a cabo el d\u00eda lunes 28 de julio a las 10:30 horas, en el Saloncito del Ferrocarril.<\/p>\n<p data-start=\"506\" data-end=\"724\">La actividad estar\u00e1 a cargo de la Dra. Mariquena Zelayeta, y tiene como objetivo brindar informaci\u00f3n clara y accesible, despejar dudas frecuentes y promover h\u00e1bitos de cuidado personal entre adolescentes y j\u00f3venes.<\/p>\n<p data-start=\"726\" data-end=\"958\">La iniciativa cuenta con el acompa\u00f1amiento de LALCEC, y se enmarca en las acciones de prevenci\u00f3n y promoci\u00f3n de la salud que lleva adelante la comuna, acercando herramientas que contribuyan al bienestar integral de la poblaci\u00f3n.<\/p>\n<p data-start=\"960\" data-end=\"1145\">Desde la organizaci\u00f3n se destaca la importancia de generar espacios de di\u00e1logo e informaci\u00f3n para favorecer una toma de decisiones responsable en materia de salud sexual y reproductiva.<\/p>\n","protected":false},"excerpt":{"rendered":"<p>La Comuna de La Clarita invita a la comunidad joven a participar de una charla informativa sobre c\u00e1ncer de cuello uterino y m\u00e9todos anticonceptivos, que se llevar\u00e1 a cabo el&#8230;<\/p>\n","protected":false},"author":5,"featured_media":11091,"comment_status":"closed","ping_status":"closed","sticky":false,"template":"","format":"standard","meta":{"_kad_post_transparent":"","_kad_post_title":"","_kad_post_layout":"","_kad_post_sidebar_id":"","_kad_post_content_style":"","_kad_post_vertical_padding":"","_kad_post_feature":"","_kad_post_feature_position":"","_kad_post_header":false,"_kad_post_footer":false,"_kad_post_classname":"","footnotes":""},"categories":[4,8,1],"tags":[],"class_list":["post-11090","post","type-post","status-publish","format-standard","has-post-thumbnail","hentry","category-destacadas-la-voz-2","category-locales","category-ultimas-noticias"],"_links":{"self":[{"href":"https:\/\/lavozdetodos.com.ar\/index.php?rest_route=\/wp\/v2\/posts\/11090","targetHints":{"allow":["GET"]}}],"collection":[{"href":"https:\/\/lavozdetodos.com.ar\/index.php?rest_route=\/wp\/v2\/posts"}],"about":[{"href":"https:\/\/lavozdetodos.com.ar\/index.php?rest_route=\/wp\/v2\/types\/post"}],"author":[{"embeddable":true,"href":"https:\/\/lavozdetodos.com.ar\/index.php?rest_route=\/wp\/v2\/users\/5"}],"replies":[{"embeddable":true,"href":"https:\/\/lavozdetodos.com.ar\/index.php?rest_route=%2Fwp%2Fv2%2Fcomments&post=11090"}],"version-history":[{"count":1,"href":"https:\/\/lavozdetodos.com.ar\/index.php?rest_route=\/wp\/v2\/posts\/11090\/revisions"}],"predecessor-version":[{"id":11092,"href":"https:\/\/lavozdetodos.com.ar\/index.php?rest_route=\/wp\/v2\/posts\/11090\/revisions\/11092"}],"wp:featuredmedia":[{"embeddable":true,"href":"https:\/\/lavozdetodos.com.ar\/index.php?rest_route=\/wp\/v2\/media\/11091"}],"wp:attachment":[{"href":"https:\/\/lavozdetodos.com.ar\/index.php?rest_route=%2Fwp%2Fv2%2Fmedia&parent=11090"}],"wp:term":[{"taxonomy":"category","embeddable":true,"href":"https:\/\/lavozdetodos.com.ar\/index.php?rest_route=%2Fwp%2Fv2%2Fcategories&post=11090"},{"taxonomy":"post_tag","embeddable":true,"href":"https:\/\/lavozdetodos.com.ar\/index.php?rest_route=%2Fwp%2Fv2%2Ftags&post=11090"}],"curies":[{"name":"wp","href":"https:\/\/api.w.org\/{rel}","templated":true}]}}