{"id":11259,"date":"2025-08-22T18:07:23","date_gmt":"2025-08-22T21:07:23","guid":{"rendered":"https:\/\/lavozdetodos.com.ar\/?p=11259"},"modified":"2025-09-01T18:08:03","modified_gmt":"2025-09-01T21:08:03","slug":"villa-elisa-participo-de-una-reunion-regional-sobre-vivienda-en-la-zonal-del-iapv","status":"publish","type":"post","link":"https:\/\/lavozdetodos.com.ar\/?p=11259","title":{"rendered":"Villa Elisa particip\u00f3 de una reuni\u00f3n regional sobre vivienda en la Zonal del IAPV"},"content":{"rendered":"<p data-start=\"209\" data-end=\"455\">Funcionarios de la Municipalidad de Villa Elisa participaron de un encuentro junto a representantes de otros municipios de la regi\u00f3n y autoridades del Instituto Aut\u00e1rquico de Planeamiento y Vivienda (IAPV) en la Zonal de Concepci\u00f3n del Uruguay.<\/p>\n<p data-start=\"457\" data-end=\"637\">La reuni\u00f3n tuvo como objetivo <strong data-start=\"487\" data-end=\"527\">abordar la problem\u00e1tica habitacional<\/strong> en la zona y avanzar en la b\u00fasqueda de alternativas conjuntas para dar respuesta a la demanda de viviendas.<\/p>\n<p data-start=\"639\" data-end=\"1001\">Acompa\u00f1ados por el equipo del Instituto de Gesti\u00f3n de Ciudades de Rosario (IGC), los representantes municipales compartieron experiencias locales de gesti\u00f3n habitacional, poniendo en valor el conocimiento del territorio y sus particularidades. De esta manera, los municipios se consolidan como actores activos en la diversificaci\u00f3n de las operatorias del IAPV.<\/p>\n<p data-start=\"1003\" data-end=\"1110\">Por parte del organismo provincial participaron el Arq. Jos\u00e9 Artusi y el director zonal Gabriel Bochatay.<\/p>\n","protected":false},"excerpt":{"rendered":"<p>Funcionarios de la Municipalidad de Villa Elisa participaron de un encuentro junto a representantes de otros municipios de la regi\u00f3n y autoridades del Instituto Aut\u00e1rquico de Planeamiento y Vivienda (IAPV)&#8230;<\/p>\n","protected":false},"author":5,"featured_media":11260,"comment_status":"closed","ping_status":"closed","sticky":false,"template":"","format":"standard","meta":{"_kad_post_transparent":"","_kad_post_title":"","_kad_post_layout":"","_kad_post_sidebar_id":"","_kad_post_content_style":"","_kad_post_vertical_padding":"","_kad_post_feature":"","_kad_post_feature_position":"","_kad_post_header":false,"_kad_post_footer":false,"_kad_post_classname":"","footnotes":""},"categories":[8,1],"tags":[],"class_list":["post-11259","post","type-post","status-publish","format-standard","has-post-thumbnail","hentry","category-locales","category-ultimas-noticias"],"_links":{"self":[{"href":"https:\/\/lavozdetodos.com.ar\/index.php?rest_route=\/wp\/v2\/posts\/11259","targetHints":{"allow":["GET"]}}],"collection":[{"href":"https:\/\/lavozdetodos.com.ar\/index.php?rest_route=\/wp\/v2\/posts"}],"about":[{"href":"https:\/\/lavozdetodos.com.ar\/index.php?rest_route=\/wp\/v2\/types\/post"}],"author":[{"embeddable":true,"href":"https:\/\/lavozdetodos.com.ar\/index.php?rest_route=\/wp\/v2\/users\/5"}],"replies":[{"embeddable":true,"href":"https:\/\/lavozdetodos.com.ar\/index.php?rest_route=%2Fwp%2Fv2%2Fcomments&post=11259"}],"version-history":[{"count":1,"href":"https:\/\/lavozdetodos.com.ar\/index.php?rest_route=\/wp\/v2\/posts\/11259\/revisions"}],"predecessor-version":[{"id":11261,"href":"https:\/\/lavozdetodos.com.ar\/index.php?rest_route=\/wp\/v2\/posts\/11259\/revisions\/11261"}],"wp:featuredmedia":[{"embeddable":true,"href":"https:\/\/lavozdetodos.com.ar\/index.php?rest_route=\/wp\/v2\/media\/11260"}],"wp:attachment":[{"href":"https:\/\/lavozdetodos.com.ar\/index.php?rest_route=%2Fwp%2Fv2%2Fmedia&parent=11259"}],"wp:term":[{"taxonomy":"category","embeddable":true,"href":"https:\/\/lavozdetodos.com.ar\/index.php?rest_route=%2Fwp%2Fv2%2Fcategories&post=11259"},{"taxonomy":"post_tag","embeddable":true,"href":"https:\/\/lavozdetodos.com.ar\/index.php?rest_route=%2Fwp%2Fv2%2Ftags&post=11259"}],"curies":[{"name":"wp","href":"https:\/\/api.w.org\/{rel}","templated":true}]}}