{"id":11341,"date":"2025-09-16T12:04:30","date_gmt":"2025-09-16T15:04:30","guid":{"rendered":"https:\/\/lavozdetodos.com.ar\/?p=11341"},"modified":"2026-02-27T19:42:21","modified_gmt":"2026-02-27T22:42:21","slug":"gestiones-de-la-municipalidad-de-primero-de-mayo-ante-el-gobernador-rogelio-frigerio","status":"publish","type":"post","link":"https:\/\/lavozdetodos.com.ar\/?p=11341","title":{"rendered":"Gestiones de la Municipalidad de Primero de Mayo ante el Gobernador Rogelio Frigerio"},"content":{"rendered":"<p data-start=\"138\" data-end=\"416\">El pasado viernes 12 de septiembre, la Presidente Municipal, Sra. Silvia Bertolyotti, junto al Secretario de Obras P\u00fablicas, Sr. Genaro Udrizard, y acompa\u00f1ados por el Diputado Provincial, Dr. Silvio Gallay, fueron recibidos por el Gobernador de la Provincia, Rogelio Frigerio.<\/p>\n<p data-start=\"418\" data-end=\"593\">Durante la audiencia se expres\u00f3 la preocupaci\u00f3n de la comunidad ante la paralizaci\u00f3n de la obra de la Ruta N\u00b023, remarcando la necesidad urgente de gestionar su continuidad.<\/p>\n<p data-start=\"595\" data-end=\"835\">Asimismo, se traslad\u00f3 al mandatario provincial el reclamo de los vecinos respecto a los aval\u00faos de los inmuebles de la jurisdicci\u00f3n, destacando la importancia de que dichos valores se adec\u00faen conforme a las gestiones realizadas ante ATER.<\/p>\n","protected":false},"excerpt":{"rendered":"<p>El pasado viernes 12 de septiembre, la Presidente Municipal, Sra. Silvia Bertolyotti, junto al Secretario de Obras P\u00fablicas, Sr. Genaro Udrizard, y acompa\u00f1ados por el Diputado Provincial, Dr. Silvio Gallay,&#8230;<\/p>\n","protected":false},"author":5,"featured_media":11342,"comment_status":"closed","ping_status":"closed","sticky":false,"template":"","format":"standard","meta":{"_kad_post_transparent":"","_kad_post_title":"","_kad_post_layout":"","_kad_post_sidebar_id":"","_kad_post_content_style":"","_kad_post_vertical_padding":"","_kad_post_feature":"","_kad_post_feature_position":"","_kad_post_header":false,"_kad_post_footer":false,"_kad_post_classname":"","footnotes":""},"categories":[15,1],"tags":[],"class_list":["post-11341","post","type-post","status-publish","format-standard","has-post-thumbnail","hentry","category-provinciales","category-ultimas-noticias"],"_links":{"self":[{"href":"https:\/\/lavozdetodos.com.ar\/index.php?rest_route=\/wp\/v2\/posts\/11341","targetHints":{"allow":["GET"]}}],"collection":[{"href":"https:\/\/lavozdetodos.com.ar\/index.php?rest_route=\/wp\/v2\/posts"}],"about":[{"href":"https:\/\/lavozdetodos.com.ar\/index.php?rest_route=\/wp\/v2\/types\/post"}],"author":[{"embeddable":true,"href":"https:\/\/lavozdetodos.com.ar\/index.php?rest_route=\/wp\/v2\/users\/5"}],"replies":[{"embeddable":true,"href":"https:\/\/lavozdetodos.com.ar\/index.php?rest_route=%2Fwp%2Fv2%2Fcomments&post=11341"}],"version-history":[{"count":1,"href":"https:\/\/lavozdetodos.com.ar\/index.php?rest_route=\/wp\/v2\/posts\/11341\/revisions"}],"predecessor-version":[{"id":11343,"href":"https:\/\/lavozdetodos.com.ar\/index.php?rest_route=\/wp\/v2\/posts\/11341\/revisions\/11343"}],"wp:featuredmedia":[{"embeddable":true,"href":"https:\/\/lavozdetodos.com.ar\/index.php?rest_route=\/wp\/v2\/media\/11342"}],"wp:attachment":[{"href":"https:\/\/lavozdetodos.com.ar\/index.php?rest_route=%2Fwp%2Fv2%2Fmedia&parent=11341"}],"wp:term":[{"taxonomy":"category","embeddable":true,"href":"https:\/\/lavozdetodos.com.ar\/index.php?rest_route=%2Fwp%2Fv2%2Fcategories&post=11341"},{"taxonomy":"post_tag","embeddable":true,"href":"https:\/\/lavozdetodos.com.ar\/index.php?rest_route=%2Fwp%2Fv2%2Ftags&post=11341"}],"curies":[{"name":"wp","href":"https:\/\/api.w.org\/{rel}","templated":true}]}}