{"id":11490,"date":"2025-10-09T19:03:15","date_gmt":"2025-10-09T22:03:15","guid":{"rendered":"https:\/\/lavozdetodos.com.ar\/?p=11490"},"modified":"2025-10-30T19:04:09","modified_gmt":"2025-10-30T22:04:09","slug":"villa-elisa-reunion-con-el-jefe-departamental-de-policia","status":"publish","type":"post","link":"https:\/\/lavozdetodos.com.ar\/?p=11490","title":{"rendered":"Villa Elisa: Reuni\u00f3n con el Jefe Departamental de Polic\u00eda"},"content":{"rendered":"<div class=\"et_pb_module et_pb_post_title et_pb_post_title_0_tb_body et_pb_bg_layout_light  et_pb_text_align_left\">\n<div class=\"et_pb_title_container\"><\/div>\n<\/div>\n<div class=\"et_pb_module et_pb_post_content et_pb_post_content_0_tb_body post-content-spacing\">\n<p><em>Se analiz\u00f3 la situaci\u00f3n de la ciudad en cuanto a la seguridad y el trabajo conjunto para lo que resta del a\u00f1o.<\/em><\/p>\n<p>La Presidente Municipal Susana Lambert y la Secretaria de Gobierno Gisela G\u00f3mez se reunieron este mi\u00e9rcoles con el Comisario inspector Luis Vald\u00e9z Puente.<span id=\"more-280654\"><\/span><\/p>\n<p>El funcionario policial visit\u00f3 la ciudad con el objetivo de planificar las actividades de la Polic\u00eda para los pr\u00f3ximos meses y la temporada de verano.<\/p>\n<p>En el encuentro, analizaron la situaci\u00f3n de Villa Elisa en cuanto a la seguridad y diagramaron un trabajo conjunto para lo que resta del a\u00f1o.<\/p>\n<p>Desde el Municipio, se lo puso al tanto de la cantidad de c\u00e1maras que hay en la localidad y de la forma en que se est\u00e1 trabajando, en forma conjunta, entre el \u00c1rea de Prevenci\u00f3n Urbana y la Polic\u00eda.<\/p>\n<p>Se le comunic\u00f3, adem\u00e1s, la necesidad de contar con mayor cantidad de efectivos policiales.<\/p>\n<\/div>\n","protected":false},"excerpt":{"rendered":"<p>Se analiz\u00f3 la situaci\u00f3n de la ciudad en cuanto a la seguridad y el trabajo conjunto para lo que resta del a\u00f1o. La Presidente Municipal Susana Lambert y la Secretaria&#8230;<\/p>\n","protected":false},"author":5,"featured_media":11491,"comment_status":"closed","ping_status":"closed","sticky":false,"template":"","format":"standard","meta":{"_kad_post_transparent":"","_kad_post_title":"","_kad_post_layout":"","_kad_post_sidebar_id":"","_kad_post_content_style":"","_kad_post_vertical_padding":"","_kad_post_feature":"","_kad_post_feature_position":"","_kad_post_header":false,"_kad_post_footer":false,"_kad_post_classname":"","footnotes":""},"categories":[8,1],"tags":[],"class_list":["post-11490","post","type-post","status-publish","format-standard","has-post-thumbnail","hentry","category-locales","category-ultimas-noticias"],"_links":{"self":[{"href":"https:\/\/lavozdetodos.com.ar\/index.php?rest_route=\/wp\/v2\/posts\/11490","targetHints":{"allow":["GET"]}}],"collection":[{"href":"https:\/\/lavozdetodos.com.ar\/index.php?rest_route=\/wp\/v2\/posts"}],"about":[{"href":"https:\/\/lavozdetodos.com.ar\/index.php?rest_route=\/wp\/v2\/types\/post"}],"author":[{"embeddable":true,"href":"https:\/\/lavozdetodos.com.ar\/index.php?rest_route=\/wp\/v2\/users\/5"}],"replies":[{"embeddable":true,"href":"https:\/\/lavozdetodos.com.ar\/index.php?rest_route=%2Fwp%2Fv2%2Fcomments&post=11490"}],"version-history":[{"count":1,"href":"https:\/\/lavozdetodos.com.ar\/index.php?rest_route=\/wp\/v2\/posts\/11490\/revisions"}],"predecessor-version":[{"id":11492,"href":"https:\/\/lavozdetodos.com.ar\/index.php?rest_route=\/wp\/v2\/posts\/11490\/revisions\/11492"}],"wp:featuredmedia":[{"embeddable":true,"href":"https:\/\/lavozdetodos.com.ar\/index.php?rest_route=\/wp\/v2\/media\/11491"}],"wp:attachment":[{"href":"https:\/\/lavozdetodos.com.ar\/index.php?rest_route=%2Fwp%2Fv2%2Fmedia&parent=11490"}],"wp:term":[{"taxonomy":"category","embeddable":true,"href":"https:\/\/lavozdetodos.com.ar\/index.php?rest_route=%2Fwp%2Fv2%2Fcategories&post=11490"},{"taxonomy":"post_tag","embeddable":true,"href":"https:\/\/lavozdetodos.com.ar\/index.php?rest_route=%2Fwp%2Fv2%2Ftags&post=11490"}],"curies":[{"name":"wp","href":"https:\/\/api.w.org\/{rel}","templated":true}]}}