{"id":11974,"date":"2026-01-26T10:02:38","date_gmt":"2026-01-26T13:02:38","guid":{"rendered":"https:\/\/lavozdetodos.com.ar\/?p=11974"},"modified":"2026-02-02T10:03:18","modified_gmt":"2026-02-02T13:03:18","slug":"autoridades-de-la-confederacion-suiza-fueron-distinguidas-como-huespedes-de-honor-en-san-jose","status":"publish","type":"post","link":"https:\/\/lavozdetodos.com.ar\/?p=11974","title":{"rendered":"Autoridades de la Confederaci\u00f3n Suiza fueron distinguidas como Hu\u00e9spedes de Honor en San Jos\u00e9"},"content":{"rendered":"<p data-start=\"261\" data-end=\"493\">Este lunes 26 de enero, autoridades representativas de la Confederaci\u00f3n Suiza visitaron la ciudad de San Jos\u00e9 y fueron distinguidas como Hu\u00e9spedes de Honor, en un acto realizado en el Museo Hist\u00f3rico Regional de la Colonia San Jos\u00e9.<\/p>\n<p data-start=\"495\" data-end=\"873\">La distinci\u00f3n fue otorgada mediante el Decreto N.\u00ba 15\/2026 al Sr. Philippe Varone, alcalde de Sion; al Sr. Jean Michel Bonvin, alcalde de Arbaz; y a la Sra. Delphine Pannatier, prefecta de Evol\u00e8ne, en reconocimiento a los hist\u00f3ricos lazos culturales, sociales y comunitarios que unen a San Jos\u00e9 con Suiza, pa\u00eds que tuvo un rol fundamental en el origen y desarrollo de la ciudad.<\/p>\n<p data-start=\"875\" data-end=\"1233\">El acto cont\u00f3 con la presencia del intendente Gustavo Bastian, la secretaria de Turismo y Desarrollo Humano, Anabella Lubo, y el director del Museo Hist\u00f3rico Regional de la Colonia San Jos\u00e9, Hugo Mart\u00edn, quienes acompa\u00f1aron este encuentro institucional que reafirma el compromiso de mantener y fortalecer los v\u00ednculos hist\u00f3ricos y las relaciones bilaterales.<\/p>\n<p data-start=\"1235\" data-end=\"1440\">Esta visita constituye un nuevo paso en la consolidaci\u00f3n de la identidad cultural de San Jos\u00e9 y en el fortalecimiento de los lazos internacionales que forman parte de su historia y de su proyecci\u00f3n futura.<\/p>\n","protected":false},"excerpt":{"rendered":"<p>Este lunes 26 de enero, autoridades representativas de la Confederaci\u00f3n Suiza visitaron la ciudad de San Jos\u00e9 y fueron distinguidas como Hu\u00e9spedes de Honor, en un acto realizado en el&#8230;<\/p>\n","protected":false},"author":5,"featured_media":11975,"comment_status":"closed","ping_status":"closed","sticky":false,"template":"","format":"standard","meta":{"_kad_post_transparent":"","_kad_post_title":"","_kad_post_layout":"","_kad_post_sidebar_id":"","_kad_post_content_style":"","_kad_post_vertical_padding":"","_kad_post_feature":"","_kad_post_feature_position":"","_kad_post_header":false,"_kad_post_footer":false,"_kad_post_classname":"","footnotes":""},"categories":[8,1],"tags":[],"class_list":["post-11974","post","type-post","status-publish","format-standard","has-post-thumbnail","hentry","category-locales","category-ultimas-noticias"],"_links":{"self":[{"href":"https:\/\/lavozdetodos.com.ar\/index.php?rest_route=\/wp\/v2\/posts\/11974","targetHints":{"allow":["GET"]}}],"collection":[{"href":"https:\/\/lavozdetodos.com.ar\/index.php?rest_route=\/wp\/v2\/posts"}],"about":[{"href":"https:\/\/lavozdetodos.com.ar\/index.php?rest_route=\/wp\/v2\/types\/post"}],"author":[{"embeddable":true,"href":"https:\/\/lavozdetodos.com.ar\/index.php?rest_route=\/wp\/v2\/users\/5"}],"replies":[{"embeddable":true,"href":"https:\/\/lavozdetodos.com.ar\/index.php?rest_route=%2Fwp%2Fv2%2Fcomments&post=11974"}],"version-history":[{"count":1,"href":"https:\/\/lavozdetodos.com.ar\/index.php?rest_route=\/wp\/v2\/posts\/11974\/revisions"}],"predecessor-version":[{"id":11976,"href":"https:\/\/lavozdetodos.com.ar\/index.php?rest_route=\/wp\/v2\/posts\/11974\/revisions\/11976"}],"wp:featuredmedia":[{"embeddable":true,"href":"https:\/\/lavozdetodos.com.ar\/index.php?rest_route=\/wp\/v2\/media\/11975"}],"wp:attachment":[{"href":"https:\/\/lavozdetodos.com.ar\/index.php?rest_route=%2Fwp%2Fv2%2Fmedia&parent=11974"}],"wp:term":[{"taxonomy":"category","embeddable":true,"href":"https:\/\/lavozdetodos.com.ar\/index.php?rest_route=%2Fwp%2Fv2%2Fcategories&post=11974"},{"taxonomy":"post_tag","embeddable":true,"href":"https:\/\/lavozdetodos.com.ar\/index.php?rest_route=%2Fwp%2Fv2%2Ftags&post=11974"}],"curies":[{"name":"wp","href":"https:\/\/api.w.org\/{rel}","templated":true}]}}