{"id":11989,"date":"2026-01-12T10:09:50","date_gmt":"2026-01-12T13:09:50","guid":{"rendered":"https:\/\/lavozdetodos.com.ar\/?p=11989"},"modified":"2026-02-02T10:11:09","modified_gmt":"2026-02-02T13:11:09","slug":"masiva-celebracion-de-la-fiesta-provincial-del-campamentista-en-el-balneario-san-jose","status":"publish","type":"post","link":"https:\/\/lavozdetodos.com.ar\/?p=11989","title":{"rendered":"Masiva celebraci\u00f3n de la Fiesta Provincial del Campamentista en el Balneario San Jos\u00e9"},"content":{"rendered":"<p data-start=\"287\" data-end=\"703\">San Jos\u00e9 vivi\u00f3 una nueva y exitosa edici\u00f3n de la Fiesta Provincial del Campamentista, reafirmando una de las tradiciones m\u00e1s representativas del verano en la ciudad. Durante el fin de semana, el Balneario San Jos\u00e9 fue escenario de una convocatoria masiva, con la participaci\u00f3n de m\u00e1s de 20.000 personas que disfrutaron de las propuestas culturales, recreativas y musicales desarrolladas entre el s\u00e1bado y el domingo.<\/p>\n<p data-start=\"705\" data-end=\"1023\">A pesar de que las condiciones clim\u00e1ticas adversas obligaron a suspender las actividades previstas para el viernes al atardecer en la playa, el s\u00e1bado \u2014tras intensas tareas de acondicionamiento del predio\u2014 el balneario abri\u00f3 en \u00f3ptimas condiciones, permitiendo el normal desarrollo de la primera noche de espect\u00e1culos.<\/p>\n<p data-start=\"1025\" data-end=\"1281\">La noche del s\u00e1bado estuvo dedicada al rock, con las presentaciones de Marbel, Monos en Jeep, el tributo a Viejas Locas y Rey Garufa, en una jornada que reuni\u00f3 a familias, grupos de amigos y turistas que eligieron San Jos\u00e9 para disfrutar del fin de semana.<\/p>\n<p data-start=\"1283\" data-end=\"1572\">El domingo, con temperaturas que superaron los 30 grados, la Fiesta del Campamentista se vivi\u00f3 a pleno. Durante la tarde se desarrollaron actividades recreativas en la playa, propuestas gastron\u00f3micas, cocina en vivo y un sunset con DJ en vivo, previo a la apertura del escenario principal.<\/p>\n<p data-start=\"1574\" data-end=\"1951\">La jornada dominical fue la de mayor convocatoria, con una asistencia estimada de m\u00e1s de 15.000 personas que disfrutaron de la noche de cumbia, con las presentaciones de La Fuerza, Los Charros, Capelina y La Repandilla. Reposeras, lonas y sillones colmaron el anfiteatro natural frente al Escenario Telmo Follonier, conformando una postal caracter\u00edstica del verano sanjosesino.<\/p>\n<p data-start=\"1953\" data-end=\"2275\">Con una propuesta integral que incluy\u00f3 espect\u00e1culos musicales, actividades deportivas como la Marat\u00f3n del Campamentista, espacios recreativos y una destacada oferta gastron\u00f3mica regional, la Fiesta Provincial del Campamentista volvi\u00f3 a posicionarse como un punto de encuentro para turistas, residentes, familias y j\u00f3venes.<\/p>\n<p data-start=\"2277\" data-end=\"2735\">Esta celebraci\u00f3n constituye una pol\u00edtica p\u00fablica sostenida que promueve el acceso a la cultura y el disfrute de los espacios naturales, con entradas accesibles para personas no residentes y acceso gratuito para la comunidad local. De este modo, el Balneario Camping San Jos\u00e9 se consolida como un espacio clave para la recreaci\u00f3n, el turismo y el encuentro, poniendo en valor el r\u00edo Uruguay como parte fundamental de la identidad y el desarrollo de la ciudad.<\/p>\n","protected":false},"excerpt":{"rendered":"<p>San Jos\u00e9 vivi\u00f3 una nueva y exitosa edici\u00f3n de la Fiesta Provincial del Campamentista, reafirmando una de las tradiciones m\u00e1s representativas del verano en la ciudad. Durante el fin de&#8230;<\/p>\n","protected":false},"author":5,"featured_media":11990,"comment_status":"closed","ping_status":"closed","sticky":false,"template":"","format":"standard","meta":{"_kad_post_transparent":"","_kad_post_title":"","_kad_post_layout":"","_kad_post_sidebar_id":"","_kad_post_content_style":"","_kad_post_vertical_padding":"","_kad_post_feature":"","_kad_post_feature_position":"","_kad_post_header":false,"_kad_post_footer":false,"_kad_post_classname":"","footnotes":""},"categories":[8,1],"tags":[],"class_list":["post-11989","post","type-post","status-publish","format-standard","has-post-thumbnail","hentry","category-locales","category-ultimas-noticias"],"_links":{"self":[{"href":"https:\/\/lavozdetodos.com.ar\/index.php?rest_route=\/wp\/v2\/posts\/11989","targetHints":{"allow":["GET"]}}],"collection":[{"href":"https:\/\/lavozdetodos.com.ar\/index.php?rest_route=\/wp\/v2\/posts"}],"about":[{"href":"https:\/\/lavozdetodos.com.ar\/index.php?rest_route=\/wp\/v2\/types\/post"}],"author":[{"embeddable":true,"href":"https:\/\/lavozdetodos.com.ar\/index.php?rest_route=\/wp\/v2\/users\/5"}],"replies":[{"embeddable":true,"href":"https:\/\/lavozdetodos.com.ar\/index.php?rest_route=%2Fwp%2Fv2%2Fcomments&post=11989"}],"version-history":[{"count":1,"href":"https:\/\/lavozdetodos.com.ar\/index.php?rest_route=\/wp\/v2\/posts\/11989\/revisions"}],"predecessor-version":[{"id":11991,"href":"https:\/\/lavozdetodos.com.ar\/index.php?rest_route=\/wp\/v2\/posts\/11989\/revisions\/11991"}],"wp:featuredmedia":[{"embeddable":true,"href":"https:\/\/lavozdetodos.com.ar\/index.php?rest_route=\/wp\/v2\/media\/11990"}],"wp:attachment":[{"href":"https:\/\/lavozdetodos.com.ar\/index.php?rest_route=%2Fwp%2Fv2%2Fmedia&parent=11989"}],"wp:term":[{"taxonomy":"category","embeddable":true,"href":"https:\/\/lavozdetodos.com.ar\/index.php?rest_route=%2Fwp%2Fv2%2Fcategories&post=11989"},{"taxonomy":"post_tag","embeddable":true,"href":"https:\/\/lavozdetodos.com.ar\/index.php?rest_route=%2Fwp%2Fv2%2Ftags&post=11989"}],"curies":[{"name":"wp","href":"https:\/\/api.w.org\/{rel}","templated":true}]}}