{"id":12079,"date":"2026-02-20T15:35:09","date_gmt":"2026-02-20T18:35:09","guid":{"rendered":"https:\/\/lavozdetodos.com.ar\/?p=12079"},"modified":"2026-02-27T15:37:32","modified_gmt":"2026-02-27T18:37:32","slug":"avanzan-gestiones-para-fortalecer-el-hospital-san-roque","status":"publish","type":"post","link":"https:\/\/lavozdetodos.com.ar\/?p=12079","title":{"rendered":"Avanzan gestiones para fortalecer el Hospital San Roque"},"content":{"rendered":"<p data-start=\"61\" data-end=\"321\">En el marco del compromiso asumido por el gobernador de la provincia para priorizar el estado y las necesidades del <span class=\"hover:entity-accent entity-underline inline cursor-pointer align-baseline\"><span class=\"whitespace-normal\">Hospital San Roque<\/span><\/span>, se concret\u00f3 una nueva instancia de trabajo orientada a mejorar la infraestructura sanitaria de la ciudad.<\/p>\n<p data-start=\"323\" data-end=\"659\">Autoridades y t\u00e9cnicos de la <span class=\"hover:entity-accent entity-underline inline cursor-pointer align-baseline\"><span class=\"whitespace-normal\">Comisi\u00f3n Administradora para el Fondo Especial de Salto Grande<\/span><\/span> (CAFESG) visitaron el establecimiento con el objetivo de evaluar en detalle sus requerimientos. Durante la recorrida se analizaron alternativas para optimizar espacios destinados a la instalaci\u00f3n de un laboratorio y se estudi\u00f3 la posibilidad de incorporar un quir\u00f3fano.<\/p>\n<p data-start=\"661\" data-end=\"889\">Desde el Municipio agradecieron especialmente la presencia del director de CAFESG, <span class=\"hover:entity-accent entity-underline inline cursor-pointer align-baseline\"><span class=\"whitespace-normal\">Pablo Canali<\/span><\/span>, quien junto a su equipo t\u00e9cnico inspeccion\u00f3 las instalaciones y dialog\u00f3 sobre los pr\u00f3ximos pasos a seguir.<\/p>\n<p data-start=\"891\" data-end=\"1026\" data-is-last-node=\"\" data-is-only-node=\"\">Las gestiones contin\u00faan con el prop\u00f3sito de fortalecer el sistema de salud local y ampliar los servicios disponibles para la comunidad.<\/p>\n","protected":false},"excerpt":{"rendered":"<p>En el marco del compromiso asumido por el gobernador de la provincia para priorizar el estado y las necesidades del Hospital San Roque, se concret\u00f3 una nueva instancia de trabajo&#8230;<\/p>\n","protected":false},"author":5,"featured_media":12080,"comment_status":"closed","ping_status":"closed","sticky":false,"template":"","format":"standard","meta":{"_kad_post_transparent":"","_kad_post_title":"","_kad_post_layout":"","_kad_post_sidebar_id":"","_kad_post_content_style":"","_kad_post_vertical_padding":"","_kad_post_feature":"","_kad_post_feature_position":"","_kad_post_header":false,"_kad_post_footer":false,"_kad_post_classname":"","footnotes":""},"categories":[8,1],"tags":[],"class_list":["post-12079","post","type-post","status-publish","format-standard","has-post-thumbnail","hentry","category-locales","category-ultimas-noticias"],"_links":{"self":[{"href":"https:\/\/lavozdetodos.com.ar\/index.php?rest_route=\/wp\/v2\/posts\/12079","targetHints":{"allow":["GET"]}}],"collection":[{"href":"https:\/\/lavozdetodos.com.ar\/index.php?rest_route=\/wp\/v2\/posts"}],"about":[{"href":"https:\/\/lavozdetodos.com.ar\/index.php?rest_route=\/wp\/v2\/types\/post"}],"author":[{"embeddable":true,"href":"https:\/\/lavozdetodos.com.ar\/index.php?rest_route=\/wp\/v2\/users\/5"}],"replies":[{"embeddable":true,"href":"https:\/\/lavozdetodos.com.ar\/index.php?rest_route=%2Fwp%2Fv2%2Fcomments&post=12079"}],"version-history":[{"count":1,"href":"https:\/\/lavozdetodos.com.ar\/index.php?rest_route=\/wp\/v2\/posts\/12079\/revisions"}],"predecessor-version":[{"id":12081,"href":"https:\/\/lavozdetodos.com.ar\/index.php?rest_route=\/wp\/v2\/posts\/12079\/revisions\/12081"}],"wp:featuredmedia":[{"embeddable":true,"href":"https:\/\/lavozdetodos.com.ar\/index.php?rest_route=\/wp\/v2\/media\/12080"}],"wp:attachment":[{"href":"https:\/\/lavozdetodos.com.ar\/index.php?rest_route=%2Fwp%2Fv2%2Fmedia&parent=12079"}],"wp:term":[{"taxonomy":"category","embeddable":true,"href":"https:\/\/lavozdetodos.com.ar\/index.php?rest_route=%2Fwp%2Fv2%2Fcategories&post=12079"},{"taxonomy":"post_tag","embeddable":true,"href":"https:\/\/lavozdetodos.com.ar\/index.php?rest_route=%2Fwp%2Fv2%2Ftags&post=12079"}],"curies":[{"name":"wp","href":"https:\/\/api.w.org\/{rel}","templated":true}]}}