{"id":12082,"date":"2026-02-18T15:39:31","date_gmt":"2026-02-18T18:39:31","guid":{"rendered":"https:\/\/lavozdetodos.com.ar\/?p=12082"},"modified":"2026-02-27T15:40:19","modified_gmt":"2026-02-27T18:40:19","slug":"villa-elisa-presentan-la-grilla-de-talleres-culturales-2026","status":"publish","type":"post","link":"https:\/\/lavozdetodos.com.ar\/?p=12082","title":{"rendered":"Villa Elisa: Presentan la grilla de talleres culturales 2026"},"content":{"rendered":"<div class=\"flex flex-col text-sm pb-25\">\n<article class=\"text-token-text-primary w-full focus:outline-none [--shadow-height:45px] has-data-writing-block:pointer-events-none has-data-writing-block:-mt-(--shadow-height) has-data-writing-block:pt-(--shadow-height) [&amp;:has([data-writing-block])&gt;*]:pointer-events-auto scroll-mt-[calc(var(--header-height)+min(200px,max(70px,20svh)))]\" dir=\"auto\" data-turn-id=\"request-WEB:300d6783-9559-49d7-afd3-3bb931b9e19f-16\" data-testid=\"conversation-turn-34\" data-scroll-anchor=\"true\" data-turn=\"assistant\">\n<div class=\"text-base my-auto mx-auto pb-10 [--thread-content-margin:--spacing(4)] @w-sm\/main:[--thread-content-margin:--spacing(6)] @w-lg\/main:[--thread-content-margin:--spacing(16)] px-(--thread-content-margin)\">\n<div class=\"[--thread-content-max-width:40rem] @w-lg\/main:[--thread-content-max-width:48rem] mx-auto max-w-(--thread-content-max-width) flex-1 group\/turn-messages focus-visible:outline-hidden relative flex w-full min-w-0 flex-col agent-turn\">\n<div class=\"flex max-w-full flex-col grow\">\n<div class=\"min-h-8 text-message relative flex w-full flex-col items-end gap-2 text-start break-words whitespace-normal [.text-message+&amp;]:mt-1\" dir=\"auto\" data-message-author-role=\"assistant\" data-message-id=\"733c4fe9-1555-4636-8093-6fdbc784fa0c\" data-message-model-slug=\"gpt-5-2\">\n<div class=\"flex w-full flex-col gap-1 empty:hidden first:pt-[1px]\">\n<div class=\"markdown prose dark:prose-invert w-full wrap-break-word light markdown-new-styling\">\n<p data-start=\"53\" data-end=\"243\">El \u00c1rea de Cultura y Educaci\u00f3n dio a conocer la propuesta de talleres 2026, destinada a ni\u00f1os, j\u00f3venes y adultos, con una amplia variedad de disciplinas art\u00edsticas, recreativas y formativas.<\/p>\n<p data-start=\"245\" data-end=\"451\"><strong data-start=\"245\" data-end=\"271\">Propuestas para ni\u00f1os:<\/strong><br data-start=\"271\" data-end=\"274\" \/>Percusi\u00f3n y bater\u00eda, Guitarra, Bajo, Piano, Acorde\u00f3n, Iniciaci\u00f3n musical (exploraci\u00f3n de instrumentos y sonidos), Canto, Cocineritos, Cer\u00e1mica y \u201cCreando Ando\u201d (taller de arte).<\/p>\n<p data-start=\"453\" data-end=\"791\"><strong data-start=\"453\" data-end=\"491\">Propuestas para j\u00f3venes y adultos:<\/strong><br data-start=\"491\" data-end=\"494\" \/>Percusi\u00f3n y bater\u00eda, Guitarra, Bajo, Acorde\u00f3n, Piano, Canto, Tejido al crochet y dos agujas, Artes manuales (t\u00e9cnicas varias), Cer\u00e1mica, \u201cTexturas en movimiento\u201d (creaci\u00f3n de cuadros con distintos materiales), Elaboraci\u00f3n de panificados, Canto para adultos mayores y Dibujo digital e impresi\u00f3n 3D.<\/p>\n<p data-start=\"793\" data-end=\"1030\">Las inscripciones se realizar\u00e1n del 20 de febrero al 1 de marzo mediante un formulario online que estar\u00e1 disponible en la p\u00e1gina web y redes sociales de la Municipalidad. Los cupos ser\u00e1n limitados y se asignar\u00e1n por orden de inscripci\u00f3n.<\/p>\n<p data-start=\"1032\" data-end=\"1124\">Las clases comenzar\u00e1n el lunes 16 de marzo y se dictar\u00e1n en distintos espacios de la ciudad.<\/p>\n<p data-start=\"1126\" data-end=\"1301\" data-is-last-node=\"\" data-is-only-node=\"\">En cuanto a los aranceles, la cuota mensual ser\u00e1 de $10.000 para ni\u00f1os (hasta 13 a\u00f1os) y de $15.000 para j\u00f3venes y adultos. El Taller de Cer\u00e1mica tendr\u00e1 valores diferenciados.<\/p>\n<\/div>\n<\/div>\n<\/div>\n<\/div>\n<div class=\"z-0 flex min-h-[46px] justify-start\"><\/div>\n<div class=\"mt-3 w-full empty:hidden\">\n<div class=\"text-center\"><\/div>\n<\/div>\n<\/div>\n<\/div>\n<\/article>\n<\/div>\n<div class=\"pointer-events-none h-px w-px absolute bottom-0\" aria-hidden=\"true\" data-edge=\"true\"><\/div>\n","protected":false},"excerpt":{"rendered":"<p>El \u00c1rea de Cultura y Educaci\u00f3n dio a conocer la propuesta de talleres 2026, destinada a ni\u00f1os, j\u00f3venes y adultos, con una amplia variedad de disciplinas art\u00edsticas, recreativas y formativas&#8230;.<\/p>\n","protected":false},"author":5,"featured_media":12083,"comment_status":"closed","ping_status":"closed","sticky":false,"template":"","format":"standard","meta":{"_kad_post_transparent":"","_kad_post_title":"","_kad_post_layout":"","_kad_post_sidebar_id":"","_kad_post_content_style":"","_kad_post_vertical_padding":"","_kad_post_feature":"","_kad_post_feature_position":"","_kad_post_header":false,"_kad_post_footer":false,"_kad_post_classname":"","footnotes":""},"categories":[8,1],"tags":[],"class_list":["post-12082","post","type-post","status-publish","format-standard","has-post-thumbnail","hentry","category-locales","category-ultimas-noticias"],"_links":{"self":[{"href":"https:\/\/lavozdetodos.com.ar\/index.php?rest_route=\/wp\/v2\/posts\/12082","targetHints":{"allow":["GET"]}}],"collection":[{"href":"https:\/\/lavozdetodos.com.ar\/index.php?rest_route=\/wp\/v2\/posts"}],"about":[{"href":"https:\/\/lavozdetodos.com.ar\/index.php?rest_route=\/wp\/v2\/types\/post"}],"author":[{"embeddable":true,"href":"https:\/\/lavozdetodos.com.ar\/index.php?rest_route=\/wp\/v2\/users\/5"}],"replies":[{"embeddable":true,"href":"https:\/\/lavozdetodos.com.ar\/index.php?rest_route=%2Fwp%2Fv2%2Fcomments&post=12082"}],"version-history":[{"count":1,"href":"https:\/\/lavozdetodos.com.ar\/index.php?rest_route=\/wp\/v2\/posts\/12082\/revisions"}],"predecessor-version":[{"id":12084,"href":"https:\/\/lavozdetodos.com.ar\/index.php?rest_route=\/wp\/v2\/posts\/12082\/revisions\/12084"}],"wp:featuredmedia":[{"embeddable":true,"href":"https:\/\/lavozdetodos.com.ar\/index.php?rest_route=\/wp\/v2\/media\/12083"}],"wp:attachment":[{"href":"https:\/\/lavozdetodos.com.ar\/index.php?rest_route=%2Fwp%2Fv2%2Fmedia&parent=12082"}],"wp:term":[{"taxonomy":"category","embeddable":true,"href":"https:\/\/lavozdetodos.com.ar\/index.php?rest_route=%2Fwp%2Fv2%2Fcategories&post=12082"},{"taxonomy":"post_tag","embeddable":true,"href":"https:\/\/lavozdetodos.com.ar\/index.php?rest_route=%2Fwp%2Fv2%2Ftags&post=12082"}],"curies":[{"name":"wp","href":"https:\/\/api.w.org\/{rel}","templated":true}]}}