{"id":12218,"date":"2026-02-18T13:00:41","date_gmt":"2026-02-18T16:00:41","guid":{"rendered":"https:\/\/lavozdetodos.com.ar\/?p=12218"},"modified":"2026-03-02T13:03:19","modified_gmt":"2026-03-02T16:03:19","slug":"gran-cierre-de-los-corsos-claritenses-2026","status":"publish","type":"post","link":"https:\/\/lavozdetodos.com.ar\/?p=12218","title":{"rendered":"Gran cierre de los Corsos Claritenses 2026"},"content":{"rendered":"<p data-start=\"48\" data-end=\"259\">El s\u00e1bado 14 de febrero se llev\u00f3 a cabo la segunda y \u00faltima noche de los Corsos Claritenses 2026, con una destacada convocatoria de vecinos y visitantes que se acercaron a compartir esta tradicional celebraci\u00f3n.<\/p>\n<p data-start=\"261\" data-end=\"536\">La jornada estuvo marcada por el ritmo, el color y la alegr\u00eda que aportaron las comparsas y bater\u00edas invitadas, quienes brindaron espect\u00e1culos llenos de m\u00fasica y energ\u00eda, consolidando una vez m\u00e1s esta fiesta popular como uno de los eventos m\u00e1s esperados del calendario local.<\/p>\n<p data-start=\"538\" data-end=\"715\">Desde la organizaci\u00f3n se expres\u00f3 un profundo agradecimiento a cada una de las agrupaciones participantes y a todas las personas que acompa\u00f1aron y formaron parte de esta edici\u00f3n.<\/p>\n<p data-start=\"717\" data-end=\"897\" data-is-last-node=\"\" data-is-only-node=\"\">De esta manera, los Corsos Claritenses 2026 culminaron con un balance altamente positivo, reafirmando su importancia como espacio de encuentro y celebraci\u00f3n para toda la comunidad.<\/p>\n","protected":false},"excerpt":{"rendered":"<p>El s\u00e1bado 14 de febrero se llev\u00f3 a cabo la segunda y \u00faltima noche de los Corsos Claritenses 2026, con una destacada convocatoria de vecinos y visitantes que se acercaron&#8230;<\/p>\n","protected":false},"author":5,"featured_media":12219,"comment_status":"closed","ping_status":"closed","sticky":false,"template":"","format":"standard","meta":{"_kad_post_transparent":"","_kad_post_title":"","_kad_post_layout":"","_kad_post_sidebar_id":"","_kad_post_content_style":"","_kad_post_vertical_padding":"","_kad_post_feature":"","_kad_post_feature_position":"","_kad_post_header":false,"_kad_post_footer":false,"_kad_post_classname":"","footnotes":""},"categories":[8,1],"tags":[],"class_list":["post-12218","post","type-post","status-publish","format-standard","has-post-thumbnail","hentry","category-locales","category-ultimas-noticias"],"_links":{"self":[{"href":"https:\/\/lavozdetodos.com.ar\/index.php?rest_route=\/wp\/v2\/posts\/12218","targetHints":{"allow":["GET"]}}],"collection":[{"href":"https:\/\/lavozdetodos.com.ar\/index.php?rest_route=\/wp\/v2\/posts"}],"about":[{"href":"https:\/\/lavozdetodos.com.ar\/index.php?rest_route=\/wp\/v2\/types\/post"}],"author":[{"embeddable":true,"href":"https:\/\/lavozdetodos.com.ar\/index.php?rest_route=\/wp\/v2\/users\/5"}],"replies":[{"embeddable":true,"href":"https:\/\/lavozdetodos.com.ar\/index.php?rest_route=%2Fwp%2Fv2%2Fcomments&post=12218"}],"version-history":[{"count":1,"href":"https:\/\/lavozdetodos.com.ar\/index.php?rest_route=\/wp\/v2\/posts\/12218\/revisions"}],"predecessor-version":[{"id":12220,"href":"https:\/\/lavozdetodos.com.ar\/index.php?rest_route=\/wp\/v2\/posts\/12218\/revisions\/12220"}],"wp:featuredmedia":[{"embeddable":true,"href":"https:\/\/lavozdetodos.com.ar\/index.php?rest_route=\/wp\/v2\/media\/12219"}],"wp:attachment":[{"href":"https:\/\/lavozdetodos.com.ar\/index.php?rest_route=%2Fwp%2Fv2%2Fmedia&parent=12218"}],"wp:term":[{"taxonomy":"category","embeddable":true,"href":"https:\/\/lavozdetodos.com.ar\/index.php?rest_route=%2Fwp%2Fv2%2Fcategories&post=12218"},{"taxonomy":"post_tag","embeddable":true,"href":"https:\/\/lavozdetodos.com.ar\/index.php?rest_route=%2Fwp%2Fv2%2Ftags&post=12218"}],"curies":[{"name":"wp","href":"https:\/\/api.w.org\/{rel}","templated":true}]}}