{"id":12283,"date":"2026-03-03T14:54:40","date_gmt":"2026-03-03T17:54:40","guid":{"rendered":"https:\/\/lavozdetodos.com.ar\/?p=12283"},"modified":"2026-03-03T14:54:40","modified_gmt":"2026-03-03T17:54:40","slug":"villa-elisa-en-marzo-inician-los-talleres-deportivos-2026","status":"publish","type":"post","link":"https:\/\/lavozdetodos.com.ar\/?p=12283","title":{"rendered":"Villa Elisa: En marzo, inician los talleres deportivos 2026"},"content":{"rendered":"<p><em>Para inscribirse, deben contactarse con los profesores de cada taller o acercarse a los espacios en donde se dictan.<\/em><\/p>\n<p>Los talleres deportivos que dependen de la Coordinaci\u00f3n de Deportes y Recreaci\u00f3n comienzan sus actividades durante este mes de marzo.<span id=\"more-284603\"><\/span><\/p>\n<p>Las propuestas para este a\u00f1o incluyen: Taekwondo, Gimnasia, Gimnasia Fitness, Yoga, Actividades adaptadas, Actividades al aire libre, Ajedrez, Educaci\u00f3n f\u00edsica infantil, Tenis, Atletismo, Nataci\u00f3n adaptada y Zumba.<\/p>\n<p>Para inscribirse, los interesados deben contactarse con los profesores de cada espacio o acercarse a los lugares en donde se dictan los talleres.<\/p>\n<p>Se recuerda que algunos de los talleres son gratuitos, mientras que otros cuentan con una cuota.<\/p>\n<p><strong>Talleres 2026<\/strong><br \/>\n<strong>Taekwondo<\/strong><br \/>\nProfesor: Daniel H. Bruzzone<br \/>\nLunes y jueves de 17:00 a 19:00 | Centro Virgen Ni\u00f1a<br \/>\nLunes y mi\u00e9rcoles de 20:15 a 21:45 | Pancho Ram\u00edrez<\/p>\n<p><strong>Gimnasia<\/strong><br \/>\nProfesora: Mariela Grondona<br \/>\nLunes y mi\u00e9rcoles de 14:00 a 15:00 | Centro Virgen Ni\u00f1a<\/p>\n<p><strong>Gimnasia Fitness<\/strong><br \/>\nProfesora: M\u00f3nica Mercedes Arlettaz<br \/>\nMartes y jueves de 20:00 a 21:00 | Centro Virgen Ni\u00f1a<\/p>\n<p><strong>Yoga<\/strong><br \/>\nProfesora: Silvia Vuagniaux<br \/>\nMi\u00e9rcoles y viernes de 8:45 a 9:45 | Centro Virgen Ni\u00f1a<\/p>\n<p><strong>Yoga<\/strong><br \/>\nProfesora: Marisa Derudder<br \/>\nMartes a las 15:00 | Centro Evita<br \/>\nMi\u00e9rcoles a las 15:00 | Centro El Omb\u00fa<\/p>\n<p><strong>Actividades adaptadas<\/strong><br \/>\nProfesor: Mat\u00edas Leandro Blanc<br \/>\nJueves a las 17:30 | Polideportivo<\/p>\n<p><strong>Actividades al aire libre<\/strong><br \/>\nProfesor: A designar<br \/>\nViernes a las 14:30 | Polideportivo<\/p>\n<p><strong>Ajedrez<\/strong><br \/>\nProfesor: Carlos Gerardo Graziano<br \/>\nMartes de 18:00 a 20:00 | Centro Pancho Ram\u00edrez<\/p>\n<p><strong>Educaci\u00f3n f\u00edsica infantil<\/strong><br \/>\nProfesor: Juan Jos\u00e9 Zanudio Ferreyra<br \/>\nHogar de Ni\u00f1os<\/p>\n<p><strong>Tenis<\/strong><br \/>\nProfesor: Jorge Mastroiani<br \/>\nMi\u00e9rcoles y viernes \u2013 horario a confirmar | Club Progreso<\/p>\n<p><strong>Atletismo<\/strong><br \/>\nProfesora: Paula Pitzinger<br \/>\n1\u00ba; 2\u00ba y 3\u00ba grado: Lunes y mi\u00e9rcoles de 17:00 a 18:00 | Polideportivo<br \/>\n4\u00ba; 5\u00ba y 6\u00ba grado: Martes y viernes de 17:00 a 18:00 | Polideportivo<\/p>\n<p><strong>Atletismo<\/strong><br \/>\nProfesor: Miguel Palacios<br \/>\nMartes, jueves y viernes de 16:30 a 18:00 | Polideportivo<\/p>\n<p><strong>Nataci\u00f3n adaptada<\/strong><br \/>\nProfesora: Jimena Sotelo<br \/>\nJueves de 09:00 a 11:00 | Polideportivo<\/p>\n<p><strong>Zumba<\/strong><br \/>\nProfesora: Susana Blanc<br \/>\nLunes y mi\u00e9rcoles a las 19:00 | Centro Empleados de Comercio<\/p>\n","protected":false},"excerpt":{"rendered":"<p>Para inscribirse, deben contactarse con los profesores de cada taller o acercarse a los espacios en donde se dictan. Los talleres deportivos que dependen de la Coordinaci\u00f3n de Deportes y&#8230;<\/p>\n","protected":false},"author":5,"featured_media":12284,"comment_status":"closed","ping_status":"closed","sticky":false,"template":"","format":"standard","meta":{"_kad_post_transparent":"","_kad_post_title":"","_kad_post_layout":"","_kad_post_sidebar_id":"","_kad_post_content_style":"","_kad_post_vertical_padding":"","_kad_post_feature":"","_kad_post_feature_position":"","_kad_post_header":false,"_kad_post_footer":false,"_kad_post_classname":"","footnotes":""},"categories":[8,1],"tags":[],"class_list":["post-12283","post","type-post","status-publish","format-standard","has-post-thumbnail","hentry","category-locales","category-ultimas-noticias"],"_links":{"self":[{"href":"https:\/\/lavozdetodos.com.ar\/index.php?rest_route=\/wp\/v2\/posts\/12283","targetHints":{"allow":["GET"]}}],"collection":[{"href":"https:\/\/lavozdetodos.com.ar\/index.php?rest_route=\/wp\/v2\/posts"}],"about":[{"href":"https:\/\/lavozdetodos.com.ar\/index.php?rest_route=\/wp\/v2\/types\/post"}],"author":[{"embeddable":true,"href":"https:\/\/lavozdetodos.com.ar\/index.php?rest_route=\/wp\/v2\/users\/5"}],"replies":[{"embeddable":true,"href":"https:\/\/lavozdetodos.com.ar\/index.php?rest_route=%2Fwp%2Fv2%2Fcomments&post=12283"}],"version-history":[{"count":1,"href":"https:\/\/lavozdetodos.com.ar\/index.php?rest_route=\/wp\/v2\/posts\/12283\/revisions"}],"predecessor-version":[{"id":12285,"href":"https:\/\/lavozdetodos.com.ar\/index.php?rest_route=\/wp\/v2\/posts\/12283\/revisions\/12285"}],"wp:featuredmedia":[{"embeddable":true,"href":"https:\/\/lavozdetodos.com.ar\/index.php?rest_route=\/wp\/v2\/media\/12284"}],"wp:attachment":[{"href":"https:\/\/lavozdetodos.com.ar\/index.php?rest_route=%2Fwp%2Fv2%2Fmedia&parent=12283"}],"wp:term":[{"taxonomy":"category","embeddable":true,"href":"https:\/\/lavozdetodos.com.ar\/index.php?rest_route=%2Fwp%2Fv2%2Fcategories&post=12283"},{"taxonomy":"post_tag","embeddable":true,"href":"https:\/\/lavozdetodos.com.ar\/index.php?rest_route=%2Fwp%2Fv2%2Ftags&post=12283"}],"curies":[{"name":"wp","href":"https:\/\/api.w.org\/{rel}","templated":true}]}}