{"id":12897,"date":"2026-04-21T19:06:22","date_gmt":"2026-04-21T22:06:22","guid":{"rendered":"https:\/\/lavozdetodos.com.ar\/?p=12897"},"modified":"2026-04-21T19:06:22","modified_gmt":"2026-04-21T22:06:22","slug":"concepcion-del-uruguay-comenzo-el-juicio-contra-dos-gendarmes-acusados-de-graves-delitos-ocurridos-durante-la-dictadura","status":"publish","type":"post","link":"https:\/\/lavozdetodos.com.ar\/?p=12897","title":{"rendered":"Concepci\u00f3n del Uruguay: Comenz\u00f3 el juicio contra dos gendarmes acusados de graves delitos ocurridos durante la dictadura"},"content":{"rendered":"<p>El\u00a0<strong>Tribunal Oral Federal de Concepci\u00f3n del Uruguay<\/strong>\u00a0inici\u00f3 este lunes el juicio a dos exoficiales de la\u00a0<strong>Gendarmer\u00eda Nacional\u00a0<\/strong>acusados de cr\u00edmenes de lesa humanidad cometidos en mayo de 1977 en la ciudad entrerriana de Concepci\u00f3n del Uruguay, en el contexto de la \u00faltima dictadura c\u00edvico-militar.\u00a0<strong>Las v\u00edctimas fueron siete militantes del Partido Comunista (PC) y ni\u00f1os y ni\u00f1as de su entorno familiar.<\/strong><\/p>\n<p>Los imputados son\u00a0<strong>Roberto Oscar Caserotto, de 72 a\u00f1os, y N\u00e9stor Alfredo G\u00f3mez del Junco , de 74 a\u00f1os<\/strong>, quienes llegan a debate como coautores de los delitos de\u00a0<strong>asociaci\u00f3n il\u00edcita; allanamiento ilegal de viviendas; privaci\u00f3n ileg\u00edtima de la libertad agravada por el uso de violencia respecto de diez personas, tres de ellas menores de edad; y tormentos en nueve hechos<\/strong>, todos en concurso real.<\/p>\n<p>En el caso de G\u00f3mez del Junco, la acusaci\u00f3n incluye adem\u00e1s<strong>\u00a0dos hechos de tormentos y asociaci\u00f3n il\u00edcita<\/strong>\u00a0por sucesos ocurridos en enero de 1978.<\/p>\n<p>El tribunal est\u00e1 integrado por Noem\u00ed Marta Berros, Jos\u00e9 Mar\u00eda Escobar Cello y Eugenio Mart\u00ednez Ferrero. El Ministerio P\u00fablico Fiscal es representado por la fiscal Josefina Minatta y la auxiliar fiscal Gabriela Vel\u00e1zquez. En agosto de 2025 se admiti\u00f3 la participaci\u00f3n del Registro \u00danico de la Verdad de la Provincia de Entre R\u00edos en car\u00e1cter de amicus curiae.<\/p>\n<p>Por estos hechos, seg\u00fan consign\u00f3 el sitio\u00a0<em>Fiscales<\/em>, ambos hab\u00edan sido procesados en mayo de 2023 y en octubre de ese mismo a\u00f1o, la fiscal Minatta formul\u00f3 su requerimiento de elevaci\u00f3n a juicio.<\/p>\n<h2 class=\"wp-block-heading\">La audiencia<\/h2>\n<p>En la jornada de apertura, el tribunal dispuso la lectura de ese requerimiento fiscal, declar\u00f3 formalmente iniciado el debate y habilit\u00f3 los planteos preliminares.\u00a0<strong>Los imputados se negaron a declarar<\/strong>\u00a0y solicitaron la incorporaci\u00f3n por lectura de sus indagatorias durante la etapa de instrucci\u00f3n.<\/p>\n<p>Luego se reprodujeron registros de audio y video con las declaraciones de cuatro testigos brindadas el 6 de noviembre de 2019 en el marco de la causa \u201cRodr\u00edguez\/Palacios\u201d (tambi\u00e9n conocida como \u201cPC 1\u201d): Carlos Stur, Juan Bautista Echeverr\u00eda, Gabriela Montesino y Jorge Impini. El debate continuar\u00e1 ma\u00f1ana, cuando est\u00e1 prevista la declaraci\u00f3n de tres testigos presenciales y uno a trav\u00e9s de videoconferencia.<\/p>\n<h2 class=\"wp-block-heading\">Los hechos<\/h2>\n<p>Seg\u00fan la investigaci\u00f3n del Ministerio P\u00fablico Fiscal, un denunciante ubic\u00f3 la intervenci\u00f3n de Caserotto y G\u00f3mez de Junco en un\u00a0<strong>procedimiento realizado durante un cumplea\u00f1os celebrado el 12 de mayo de 1977 en una vivienda de Concepci\u00f3n del Uruguay, donde se encontraban varias personas, entre ellas menores de edad. Uno de los ni\u00f1os fue amenazado con un arma.<\/strong><\/p>\n<p>En ese contexto, tres personas fueron detenidas y trasladadas a una dependencia de Gendarmer\u00eda Nacional, donde habr\u00edan sido amenazadas por G\u00f3mez del Junco. Otra de las v\u00edctimas del mismo procedimiento se refiri\u00f3 a Caserotto como uno de los agentes que irrumpi\u00f3 en el domicilio armado.<\/p>\n<p>De acuerdo a lo relatado en la causa, los imputados trasladaron a las v\u00edctimas en una camioneta y las golpearon en el viaje.\u00a0<strong>\u201cLos metieron en un calabozo, a uno de ellos le hicieron sacar la ropa, le echaron agua de heladera y lo golpearon con el pu\u00f1o durante 30 minutos\u201d<\/strong>, dijo otra de las v\u00edctimas y agreg\u00f3 que incluso les hicieron padecer un \u201csimulacro de fusilamiento\u201d.<\/p>\n<p>En tanto, otras personas que se encontraban en la vivienda permanecieron privadas ileg\u00edtimamente de su libertad bajo custodia de Gendarmer\u00eda durante aproximadamente diez d\u00edas.<\/p>\n<p>Estos hechos ya fueron parcialmente acreditados en la sentencia dictada el 29 de noviembre de 2019 por el Tribunal Oral en lo Criminal de Concepci\u00f3n del Uruguay, que conden\u00f3 a Julio C\u00e9sar Rodr\u00edguez por delitos de lesa humanidad (Jos\u00e9 Luis Palacios falleci\u00f3 antes de la condena).<\/p>\n<p>Respecto de los hechos atribuidos exclusivamente a G\u00f3mez del Junco, una v\u00edctima lo identific\u00f3 como uno de los responsables de un operativo realizado el 12 de enero de 1978 en el balneario Banco Pelay, donde fue detenido junto a otras cuatro personas, trasladado en un veh\u00edculo Ford Falcon hasta una casa, donde los tuvieron privados de su libertad durante una noche.<\/p>\n<p>Seg\u00fan ese testimonio, las v\u00edctimas fueron\u00a0<strong>golpeadas, atadas y sometidas a torturas con picana el\u00e9ctrica<\/strong>. La persona damnificada indic\u00f3 que pudo reconocer al imputado durante el tormento, porque se le despeg\u00f3 la cinta que le hab\u00edan puesto sobre los ojos.<\/p>\n<p>Agreg\u00f3 que, luego de dos horas, fue liberado junto a otra de las v\u00edctimas cerca del lugar en donde hab\u00edan sido secuestrados.<\/p>\n<h2 class=\"wp-block-heading\">Violencias contra ni\u00f1os y ni\u00f1as<\/h2>\n<p>En su requerimiento de elevaci\u00f3n a juicio,\u00a0<strong>la fiscal Minatta puso especial \u00e9nfasis en los hechos sufridos por las v\u00edctimas menores de edad.<\/strong><\/p>\n<p>Se\u00f1al\u00f3 que una de las v\u00edctimas, que\u00a0<strong>ten\u00eda en ese momento 4 a\u00f1os<\/strong>, \u201cfue amenazada de muerte, le pusieron un arma en la cabeza y permaneci\u00f3 secuestrada en su propio domicilio, junto a su madre y a su hermanito (de siete a\u00f1os) durante aproximadamente diez d\u00edas\u201d. Afirm\u00f3 que los menores de edad \u201csufrieron un patr\u00f3n de secuestro y privaci\u00f3n de la libertad\u201d.<\/p>\n<p>En esa l\u00ednea, Minatta detall\u00f3 que se trata de casos en los que las fuerzas represivas privaron de su libertad a ni\u00f1os y ni\u00f1as durante el tiempo en que se desarroll\u00f3 el operativo de secuestro en el mismo domicilio que fue utilizado como espacio para la aplicaci\u00f3n de torturas f\u00edsicas y psicol\u00f3gicas, tanto sobre adultos y adultas como sobre los infantes. \u201cEste patr\u00f3n de secuestro que se verific\u00f3 en otros operativos del pa\u00eds, tambi\u00e9n se aplic\u00f3 nuestra ciudad\u201d, asegur\u00f3.<\/p>\n<p>Por otro lado, tambi\u00e9n se refiri\u00f3 al trato que recibi\u00f3 el hijo de otro de los denunciantes y afirm\u00f3: \u201cfue abandonado en el balneario Banco Pelay durante toda una noche en que permaneci\u00f3 solo, con diez a\u00f1os, habiendo presenciado las detenciones ilegales de su padre y sus compa\u00f1eros, sin saber cu\u00e1l ser\u00eda el destino. Cuando volvieron a buscarlo, se encontraba en estado de desesperaci\u00f3n\u201d.<\/p>\n<p>La representante del MPF resalt\u00f3 que si bien hubo causas judiciales en que se investigaron cr\u00edmenes de lesa humanidad cometidos en la Ciudad de Concepci\u00f3n del Uruguay, en ninguna de ellas se investig\u00f3 en particular qu\u00e9 sucedi\u00f3 con las y los ni\u00f1os y ni\u00f1as. \u201cEn su adultez se les convoc\u00f3 para dar testimonio por sus padres y madres, pero no se indagaron en estos procesos judiciales las vulneraciones perpetradas sobre ellos y ellas\u201d, subray\u00f3.<\/p>\n<p>\u201c<strong>Las pr\u00e1cticas represivas perpetradas sobre las infancias fueron igualmente aterrorizantes y les afectaran con igual intensidad que a los adultos, a pesar de no haber sido las personas directamente perseguidas<\/strong>. Estas pr\u00e1cticas les alcanzaron individualmente y produjeron afectaciones que perduran en el tiempo\u201d, concluy\u00f3.<\/p>\n<p>Fuente: Ahora.com.ar<\/p>\n","protected":false},"excerpt":{"rendered":"<p>El\u00a0Tribunal Oral Federal de Concepci\u00f3n del Uruguay\u00a0inici\u00f3 este lunes el juicio a dos exoficiales de la\u00a0Gendarmer\u00eda Nacional\u00a0acusados de cr\u00edmenes de lesa humanidad cometidos en mayo de 1977 en la ciudad&#8230;<\/p>\n","protected":false},"author":5,"featured_media":12898,"comment_status":"closed","ping_status":"closed","sticky":false,"template":"","format":"standard","meta":{"_kad_post_transparent":"default","_kad_post_title":"default","_kad_post_layout":"default","_kad_post_sidebar_id":"","_kad_post_content_style":"default","_kad_post_vertical_padding":"default","_kad_post_feature":"","_kad_post_feature_position":"","_kad_post_header":false,"_kad_post_footer":false,"_kad_post_classname":"","footnotes":""},"categories":[15,1],"tags":[],"class_list":["post-12897","post","type-post","status-publish","format-standard","has-post-thumbnail","hentry","category-provinciales","category-ultimas-noticias"],"_links":{"self":[{"href":"https:\/\/lavozdetodos.com.ar\/index.php?rest_route=\/wp\/v2\/posts\/12897","targetHints":{"allow":["GET"]}}],"collection":[{"href":"https:\/\/lavozdetodos.com.ar\/index.php?rest_route=\/wp\/v2\/posts"}],"about":[{"href":"https:\/\/lavozdetodos.com.ar\/index.php?rest_route=\/wp\/v2\/types\/post"}],"author":[{"embeddable":true,"href":"https:\/\/lavozdetodos.com.ar\/index.php?rest_route=\/wp\/v2\/users\/5"}],"replies":[{"embeddable":true,"href":"https:\/\/lavozdetodos.com.ar\/index.php?rest_route=%2Fwp%2Fv2%2Fcomments&post=12897"}],"version-history":[{"count":1,"href":"https:\/\/lavozdetodos.com.ar\/index.php?rest_route=\/wp\/v2\/posts\/12897\/revisions"}],"predecessor-version":[{"id":12899,"href":"https:\/\/lavozdetodos.com.ar\/index.php?rest_route=\/wp\/v2\/posts\/12897\/revisions\/12899"}],"wp:featuredmedia":[{"embeddable":true,"href":"https:\/\/lavozdetodos.com.ar\/index.php?rest_route=\/wp\/v2\/media\/12898"}],"wp:attachment":[{"href":"https:\/\/lavozdetodos.com.ar\/index.php?rest_route=%2Fwp%2Fv2%2Fmedia&parent=12897"}],"wp:term":[{"taxonomy":"category","embeddable":true,"href":"https:\/\/lavozdetodos.com.ar\/index.php?rest_route=%2Fwp%2Fv2%2Fcategories&post=12897"},{"taxonomy":"post_tag","embeddable":true,"href":"https:\/\/lavozdetodos.com.ar\/index.php?rest_route=%2Fwp%2Fv2%2Ftags&post=12897"}],"curies":[{"name":"wp","href":"https:\/\/api.w.org\/{rel}","templated":true}]}}