{"id":12948,"date":"2026-04-24T13:37:14","date_gmt":"2026-04-24T16:37:14","guid":{"rendered":"https:\/\/lavozdetodos.com.ar\/?p=12948"},"modified":"2026-04-24T13:37:14","modified_gmt":"2026-04-24T16:37:14","slug":"villa-elisa-tramites-y-consultas-urgentes-en-desarrollo-social","status":"publish","type":"post","link":"https:\/\/lavozdetodos.com.ar\/?p=12948","title":{"rendered":"Villa Elisa: Tr\u00e1mites y consultas urgentes en Desarrollo Social"},"content":{"rendered":"<p><em>Los horarios de atenci\u00f3n son de lunes a viernes de 8 a 12 horas.<\/em><\/p>\n<p>Desde la Direcci\u00f3n de Desarrollo Social y Salud se solicita a los vecinos que, en caso de tener que realizar tr\u00e1mites o consultas que consideren urgentes, procuren acercarse con la debida anticipaci\u00f3n a la oficina de Bv. Guex 1446.<span id=\"more-286184\"><\/span><\/p>\n<p>Esto se debe a que muchas de las gestiones requieren del trabajo articulado con otras \u00e1reas y profesionales y, si las consultas se presentan sobre el final de la jornada, se dificulta resolverlas en el momento.<\/p>\n<p>Se recuerda que los horarios de atenci\u00f3n son de lunes a viernes de 8 a 12 horas.<\/p>\n<p>Desde la Direcci\u00f3n de Desarrollo Social se agradece la comprensi\u00f3n y la colaboraci\u00f3n de todos para poder brindar una atenci\u00f3n m\u00e1s eficiente a la comunidad.<\/p>\n","protected":false},"excerpt":{"rendered":"<p>Los horarios de atenci\u00f3n son de lunes a viernes de 8 a 12 horas. Desde la Direcci\u00f3n de Desarrollo Social y Salud se solicita a los vecinos que, en caso&#8230;<\/p>\n","protected":false},"author":5,"featured_media":12949,"comment_status":"closed","ping_status":"closed","sticky":false,"template":"","format":"standard","meta":{"_kad_post_transparent":"default","_kad_post_title":"default","_kad_post_layout":"default","_kad_post_sidebar_id":"","_kad_post_content_style":"default","_kad_post_vertical_padding":"default","_kad_post_feature":"","_kad_post_feature_position":"","_kad_post_header":false,"_kad_post_footer":false,"_kad_post_classname":"","footnotes":""},"categories":[8,1],"tags":[],"class_list":["post-12948","post","type-post","status-publish","format-standard","has-post-thumbnail","hentry","category-locales","category-ultimas-noticias"],"_links":{"self":[{"href":"https:\/\/lavozdetodos.com.ar\/index.php?rest_route=\/wp\/v2\/posts\/12948","targetHints":{"allow":["GET"]}}],"collection":[{"href":"https:\/\/lavozdetodos.com.ar\/index.php?rest_route=\/wp\/v2\/posts"}],"about":[{"href":"https:\/\/lavozdetodos.com.ar\/index.php?rest_route=\/wp\/v2\/types\/post"}],"author":[{"embeddable":true,"href":"https:\/\/lavozdetodos.com.ar\/index.php?rest_route=\/wp\/v2\/users\/5"}],"replies":[{"embeddable":true,"href":"https:\/\/lavozdetodos.com.ar\/index.php?rest_route=%2Fwp%2Fv2%2Fcomments&post=12948"}],"version-history":[{"count":1,"href":"https:\/\/lavozdetodos.com.ar\/index.php?rest_route=\/wp\/v2\/posts\/12948\/revisions"}],"predecessor-version":[{"id":12950,"href":"https:\/\/lavozdetodos.com.ar\/index.php?rest_route=\/wp\/v2\/posts\/12948\/revisions\/12950"}],"wp:featuredmedia":[{"embeddable":true,"href":"https:\/\/lavozdetodos.com.ar\/index.php?rest_route=\/wp\/v2\/media\/12949"}],"wp:attachment":[{"href":"https:\/\/lavozdetodos.com.ar\/index.php?rest_route=%2Fwp%2Fv2%2Fmedia&parent=12948"}],"wp:term":[{"taxonomy":"category","embeddable":true,"href":"https:\/\/lavozdetodos.com.ar\/index.php?rest_route=%2Fwp%2Fv2%2Fcategories&post=12948"},{"taxonomy":"post_tag","embeddable":true,"href":"https:\/\/lavozdetodos.com.ar\/index.php?rest_route=%2Fwp%2Fv2%2Ftags&post=12948"}],"curies":[{"name":"wp","href":"https:\/\/api.w.org\/{rel}","templated":true}]}}