{"id":13076,"date":"2026-04-24T15:51:35","date_gmt":"2026-04-24T18:51:35","guid":{"rendered":"https:\/\/lavozdetodos.com.ar\/?p=13076"},"modified":"2026-05-04T15:59:00","modified_gmt":"2026-05-04T18:59:00","slug":"colonia-hambis-participo-de-una-reunion-de-trabajo-junto-al-gobierno-provincial-y-comunas-del-departamento-colon","status":"publish","type":"post","link":"https:\/\/lavozdetodos.com.ar\/?p=13076","title":{"rendered":"Colonia hambis particip\u00f3 de una reuni\u00f3n de trabajo junto al Gobierno provincial y comunas del Departamento Col\u00f3n"},"content":{"rendered":"<p data-start=\"118\" data-end=\"491\">Se desarroll\u00f3 un importante encuentro en la localidad de La Clarita, impulsado por el Ministerio de Gobierno y Trabajo de Entre R\u00edos, con la participaci\u00f3n de comunas y juntas de gobierno del departamento Col\u00f3n, junto a autoridades provinciales. La jornada tuvo como objetivo relevar necesidades, establecer prioridades y avanzar en respuestas concretas para cada comunidad.<\/p>\n<p data-start=\"493\" data-end=\"852\">En representaci\u00f3n de la Junta de Gobierno de Colonia Hambis, particip\u00f3 su presidenta, Melisa Conte, quien valor\u00f3 positivamente el espacio de trabajo, destacando que el encuentro permiti\u00f3 el di\u00e1logo directo con ministros, equipos t\u00e9cnicos y referentes departamentales, facilitando la exposici\u00f3n de las necesidades locales y la b\u00fasqueda de soluciones efectivas.<\/p>\n<p data-start=\"854\" data-end=\"1135\">Del encuentro formaron parte el ministro de Gobierno y Trabajo, Manuel Troncoso; el senador departamental Ramiro Favre; el diputado Mauro Godein; y equipos t\u00e9cnicos de distintas \u00e1reas como Gobiernos Locales, Salud, Desarrollo Social, Vialidad, Producci\u00f3n y Participaci\u00f3n Ciudadana.<\/p>\n<p data-start=\"1137\" data-end=\"1335\">Durante la jornada, se acordaron l\u00edneas de acci\u00f3n y mecanismos de seguimiento con organismos provinciales, fortaleciendo el trabajo articulado entre el gobierno provincial y las autoridades locales.<\/p>\n<p data-start=\"1337\" data-end=\"1531\" data-is-last-node=\"\" data-is-only-node=\"\">Desde la Junta de Gobierno de Colonia Hambis se destac\u00f3 la relevancia de estos espacios de gesti\u00f3n conjunta, que permiten continuar avanzando en mejoras y respuestas concretas para la comunidad.<\/p>\n","protected":false},"excerpt":{"rendered":"<p>Se desarroll\u00f3 un importante encuentro en la localidad de La Clarita, impulsado por el Ministerio de Gobierno y Trabajo de Entre R\u00edos, con la participaci\u00f3n de comunas y juntas de&#8230;<\/p>\n","protected":false},"author":5,"featured_media":13077,"comment_status":"closed","ping_status":"closed","sticky":false,"template":"","format":"standard","meta":{"_kad_post_transparent":"default","_kad_post_title":"default","_kad_post_layout":"default","_kad_post_sidebar_id":"","_kad_post_content_style":"default","_kad_post_vertical_padding":"default","_kad_post_feature":"","_kad_post_feature_position":"","_kad_post_header":false,"_kad_post_footer":false,"_kad_post_classname":"","footnotes":""},"categories":[8,1],"tags":[],"class_list":["post-13076","post","type-post","status-publish","format-standard","has-post-thumbnail","hentry","category-locales","category-ultimas-noticias"],"_links":{"self":[{"href":"https:\/\/lavozdetodos.com.ar\/index.php?rest_route=\/wp\/v2\/posts\/13076","targetHints":{"allow":["GET"]}}],"collection":[{"href":"https:\/\/lavozdetodos.com.ar\/index.php?rest_route=\/wp\/v2\/posts"}],"about":[{"href":"https:\/\/lavozdetodos.com.ar\/index.php?rest_route=\/wp\/v2\/types\/post"}],"author":[{"embeddable":true,"href":"https:\/\/lavozdetodos.com.ar\/index.php?rest_route=\/wp\/v2\/users\/5"}],"replies":[{"embeddable":true,"href":"https:\/\/lavozdetodos.com.ar\/index.php?rest_route=%2Fwp%2Fv2%2Fcomments&post=13076"}],"version-history":[{"count":1,"href":"https:\/\/lavozdetodos.com.ar\/index.php?rest_route=\/wp\/v2\/posts\/13076\/revisions"}],"predecessor-version":[{"id":13078,"href":"https:\/\/lavozdetodos.com.ar\/index.php?rest_route=\/wp\/v2\/posts\/13076\/revisions\/13078"}],"wp:featuredmedia":[{"embeddable":true,"href":"https:\/\/lavozdetodos.com.ar\/index.php?rest_route=\/wp\/v2\/media\/13077"}],"wp:attachment":[{"href":"https:\/\/lavozdetodos.com.ar\/index.php?rest_route=%2Fwp%2Fv2%2Fmedia&parent=13076"}],"wp:term":[{"taxonomy":"category","embeddable":true,"href":"https:\/\/lavozdetodos.com.ar\/index.php?rest_route=%2Fwp%2Fv2%2Fcategories&post=13076"},{"taxonomy":"post_tag","embeddable":true,"href":"https:\/\/lavozdetodos.com.ar\/index.php?rest_route=%2Fwp%2Fv2%2Ftags&post=13076"}],"curies":[{"name":"wp","href":"https:\/\/api.w.org\/{rel}","templated":true}]}}