{"id":13148,"date":"2026-05-08T12:42:16","date_gmt":"2026-05-08T15:42:16","guid":{"rendered":"https:\/\/lavozdetodos.com.ar\/?p=13148"},"modified":"2026-05-08T12:42:16","modified_gmt":"2026-05-08T15:42:16","slug":"la-comuna-de-arroyo-baru-entrego-pintura-para-el-mejoramiento-del-colegio-presbitero-eliseo-melchiori","status":"publish","type":"post","link":"https:\/\/lavozdetodos.com.ar\/?p=13148","title":{"rendered":"LA COMUNA DE ARROYO BAR\u00da ENTREG\u00d3 PINTURA PARA EL MEJORAMIENTO DEL COLEGIO PRESB\u00cdTERO ELISEO MELCHIORI"},"content":{"rendered":"<p data-start=\"91\" data-end=\"314\">La Comuna realiz\u00f3 la entrega de 120 litros de pintura destinados a tareas de mejoramiento del edificio del Colegio Secundario Presb\u00edtero Eliseo Melchiori, en el marco de un trabajo articulado junto a la Cooperadora escolar.<\/p>\n<p data-start=\"316\" data-end=\"514\">La iniciativa contempla el aporte de los materiales por parte de la Comuna, mientras que la Cooperadora colaborar\u00e1 con la mano de obra necesaria para concretar las tareas de pintura y mantenimiento.<\/p>\n<p data-start=\"316\" data-end=\"514\"><img fetchpriority=\"high\" decoding=\"async\" class=\"size-medium wp-image-13149 alignright\" src=\"https:\/\/lavozdetodos.com.ar\/wp-content\/uploads\/2026\/05\/687037829_1634816361979870_6134999308445943118_n-300x214.webp\" alt=\"\" width=\"300\" height=\"214\" srcset=\"https:\/\/lavozdetodos.com.ar\/wp-content\/uploads\/2026\/05\/687037829_1634816361979870_6134999308445943118_n-300x214.webp 300w, https:\/\/lavozdetodos.com.ar\/wp-content\/uploads\/2026\/05\/687037829_1634816361979870_6134999308445943118_n.webp 700w\" sizes=\"(max-width: 300px) 100vw, 300px\" \/><\/p>\n<p data-start=\"516\" data-end=\"825\">Durante la entrega, el presidente comunal Javier Soto destac\u00f3 la importancia de cuidar y preservar los espacios p\u00fablicos, especialmente aquellos destinados a la educaci\u00f3n, el deporte y la recreaci\u00f3n, remarcando ante los estudiantes el compromiso y la responsabilidad compartida en el cuidado de estos lugares.<\/p>\n<p data-start=\"827\" data-end=\"1044\">La pintura fue recibida por la directora de la instituci\u00f3n, Cristina Delasoie, y por la representante de la Cooperadora, Yesica Mangieri. Tambi\u00e9n particip\u00f3 de la actividad la secretaria comunal Mar\u00eda Eugenia Orcellet.<\/p>\n<p data-start=\"1046\" data-end=\"1229\" data-is-last-node=\"\" data-is-only-node=\"\">Desde la Comuna se\u00f1alaron que este tipo de acciones reflejan el valor del trabajo conjunto y el compromiso permanente con el mejoramiento de los espacios compartidos por la comunidad.<\/p>\n","protected":false},"excerpt":{"rendered":"<p>La Comuna realiz\u00f3 la entrega de 120 litros de pintura destinados a tareas de mejoramiento del edificio del Colegio Secundario Presb\u00edtero Eliseo Melchiori, en el marco de un trabajo articulado&#8230;<\/p>\n","protected":false},"author":5,"featured_media":13150,"comment_status":"closed","ping_status":"closed","sticky":false,"template":"","format":"standard","meta":{"_kad_post_transparent":"default","_kad_post_title":"default","_kad_post_layout":"default","_kad_post_sidebar_id":"","_kad_post_content_style":"default","_kad_post_vertical_padding":"default","_kad_post_feature":"","_kad_post_feature_position":"","_kad_post_header":false,"_kad_post_footer":false,"_kad_post_classname":"","footnotes":""},"categories":[8,1],"tags":[],"class_list":["post-13148","post","type-post","status-publish","format-standard","has-post-thumbnail","hentry","category-locales","category-ultimas-noticias"],"_links":{"self":[{"href":"https:\/\/lavozdetodos.com.ar\/index.php?rest_route=\/wp\/v2\/posts\/13148","targetHints":{"allow":["GET"]}}],"collection":[{"href":"https:\/\/lavozdetodos.com.ar\/index.php?rest_route=\/wp\/v2\/posts"}],"about":[{"href":"https:\/\/lavozdetodos.com.ar\/index.php?rest_route=\/wp\/v2\/types\/post"}],"author":[{"embeddable":true,"href":"https:\/\/lavozdetodos.com.ar\/index.php?rest_route=\/wp\/v2\/users\/5"}],"replies":[{"embeddable":true,"href":"https:\/\/lavozdetodos.com.ar\/index.php?rest_route=%2Fwp%2Fv2%2Fcomments&post=13148"}],"version-history":[{"count":1,"href":"https:\/\/lavozdetodos.com.ar\/index.php?rest_route=\/wp\/v2\/posts\/13148\/revisions"}],"predecessor-version":[{"id":13151,"href":"https:\/\/lavozdetodos.com.ar\/index.php?rest_route=\/wp\/v2\/posts\/13148\/revisions\/13151"}],"wp:featuredmedia":[{"embeddable":true,"href":"https:\/\/lavozdetodos.com.ar\/index.php?rest_route=\/wp\/v2\/media\/13150"}],"wp:attachment":[{"href":"https:\/\/lavozdetodos.com.ar\/index.php?rest_route=%2Fwp%2Fv2%2Fmedia&parent=13148"}],"wp:term":[{"taxonomy":"category","embeddable":true,"href":"https:\/\/lavozdetodos.com.ar\/index.php?rest_route=%2Fwp%2Fv2%2Fcategories&post=13148"},{"taxonomy":"post_tag","embeddable":true,"href":"https:\/\/lavozdetodos.com.ar\/index.php?rest_route=%2Fwp%2Fv2%2Ftags&post=13148"}],"curies":[{"name":"wp","href":"https:\/\/api.w.org\/{rel}","templated":true}]}}