{"id":13159,"date":"2026-05-12T12:13:36","date_gmt":"2026-05-12T15:13:36","guid":{"rendered":"https:\/\/lavozdetodos.com.ar\/?p=13159"},"modified":"2026-05-12T12:13:36","modified_gmt":"2026-05-12T15:13:36","slug":"comenzo-una-nueva-edicion-del-programa-habitantes-de-las-termas-en-termas-villa-elisa","status":"publish","type":"post","link":"https:\/\/lavozdetodos.com.ar\/?p=13159","title":{"rendered":"Comenz\u00f3 una nueva edici\u00f3n del Programa \u201cHabitantes de las Termas\u201d en Termas Villa Elisa"},"content":{"rendered":"<p>Del 11 al 15 y del 18 al 22 de mayo de 2026 se est\u00e1 llevando a cabo una nueva edici\u00f3n del Programa de Responsabilidad Social Empresaria \u201cHabitantes de las Termas\u201d, una iniciativa impulsada por Termas Villa Elisa que se desarrolla desde el a\u00f1o 2010.<br \/>\nEn esta oportunidad, m\u00e1s de 500 alumnos de 4\u00ba grado de escuelas primarias de Villa Elisa, San Jos\u00e9, Col\u00f3n y zonas aleda\u00f1as participan de esta propuesta educativa, especialmente dise\u00f1ada para promover el conocimiento y el cuidado del ambiente.<br \/>\nA trav\u00e9s de caminatas guiadas, charlas informativas y actividades l\u00fadicas, los ni\u00f1os tendr\u00e1n la oportunidad de descubrir la fauna local, profundizar sus conocimientos y tomar conciencia sobre su valor ecol\u00f3gico y la importancia de su preservaci\u00f3n.<br \/>\nDesde Termas Villa Elisa se destaca y agradece el acompa\u00f1amiento de todas las instituciones educativas participantes, as\u00ed como el compromiso de la Municipalidad de Villa Elisa, la Cooperativa Arroceros Villa Elisa y la Escuela Normal Superior \u201cDr. Luis C\u00e9sar Ingold\u201d, cuyo valioso aporte hace posible la continuidad de este programa que, a\u00f1o tras a\u00f1o, sigue sembrando conciencia ambiental en las nuevas generaciones.<\/p>\n","protected":false},"excerpt":{"rendered":"<p>Del 11 al 15 y del 18 al 22 de mayo de 2026 se est\u00e1 llevando a cabo una nueva edici\u00f3n del Programa de Responsabilidad Social Empresaria \u201cHabitantes de las&#8230;<\/p>\n","protected":false},"author":5,"featured_media":13160,"comment_status":"closed","ping_status":"closed","sticky":false,"template":"","format":"standard","meta":{"_kad_post_transparent":"default","_kad_post_title":"default","_kad_post_layout":"default","_kad_post_sidebar_id":"","_kad_post_content_style":"default","_kad_post_vertical_padding":"default","_kad_post_feature":"","_kad_post_feature_position":"","_kad_post_header":false,"_kad_post_footer":false,"_kad_post_classname":"","footnotes":""},"categories":[8,1],"tags":[],"class_list":["post-13159","post","type-post","status-publish","format-standard","has-post-thumbnail","hentry","category-locales","category-ultimas-noticias"],"_links":{"self":[{"href":"https:\/\/lavozdetodos.com.ar\/index.php?rest_route=\/wp\/v2\/posts\/13159","targetHints":{"allow":["GET"]}}],"collection":[{"href":"https:\/\/lavozdetodos.com.ar\/index.php?rest_route=\/wp\/v2\/posts"}],"about":[{"href":"https:\/\/lavozdetodos.com.ar\/index.php?rest_route=\/wp\/v2\/types\/post"}],"author":[{"embeddable":true,"href":"https:\/\/lavozdetodos.com.ar\/index.php?rest_route=\/wp\/v2\/users\/5"}],"replies":[{"embeddable":true,"href":"https:\/\/lavozdetodos.com.ar\/index.php?rest_route=%2Fwp%2Fv2%2Fcomments&post=13159"}],"version-history":[{"count":1,"href":"https:\/\/lavozdetodos.com.ar\/index.php?rest_route=\/wp\/v2\/posts\/13159\/revisions"}],"predecessor-version":[{"id":13161,"href":"https:\/\/lavozdetodos.com.ar\/index.php?rest_route=\/wp\/v2\/posts\/13159\/revisions\/13161"}],"wp:featuredmedia":[{"embeddable":true,"href":"https:\/\/lavozdetodos.com.ar\/index.php?rest_route=\/wp\/v2\/media\/13160"}],"wp:attachment":[{"href":"https:\/\/lavozdetodos.com.ar\/index.php?rest_route=%2Fwp%2Fv2%2Fmedia&parent=13159"}],"wp:term":[{"taxonomy":"category","embeddable":true,"href":"https:\/\/lavozdetodos.com.ar\/index.php?rest_route=%2Fwp%2Fv2%2Fcategories&post=13159"},{"taxonomy":"post_tag","embeddable":true,"href":"https:\/\/lavozdetodos.com.ar\/index.php?rest_route=%2Fwp%2Fv2%2Ftags&post=13159"}],"curies":[{"name":"wp","href":"https:\/\/api.w.org\/{rel}","templated":true}]}}