{"id":13202,"date":"2026-05-14T11:44:32","date_gmt":"2026-05-14T14:44:32","guid":{"rendered":"https:\/\/lavozdetodos.com.ar\/?p=13202"},"modified":"2026-05-14T11:44:32","modified_gmt":"2026-05-14T14:44:32","slug":"pronunciamiento-nuevos-instrumentos-para-el-taller-de-folclore","status":"publish","type":"post","link":"https:\/\/lavozdetodos.com.ar\/?p=13202","title":{"rendered":"Pronunciamiento: Nuevos instrumentos para el taller de folclore"},"content":{"rendered":"<div class=\"x14z9mp xat24cr x1lziwak x1vvkbs xtlvy1s x126k92a\">\n<div dir=\"auto\">La Municipalidad de Pronunciamiento, a trav\u00e9s de la Direcci\u00f3n de Cultura y Deportes, incorpor\u00f3 dos bombos que pasar\u00e1n a formar parte del Taller de Folclore, tanto en el grupo juvenil como en el de adultos.<\/div>\n<\/div>\n<div class=\"x14z9mp xat24cr x1lziwak x1vvkbs xtlvy1s x126k92a\">\n<div dir=\"auto\">Los instrumentos fueron entregados este martes por intermedio del director de Deportes y Cultura, Gerardo Balleretti, y la concejala Erika Metrall\u00e9. Ser\u00e1n utilizados en los ensayos y en las distintas presentaciones y eventos en los que participa el taller a cargo de la profesora Stella Rey.<\/div>\n<\/div>\n<div class=\"x14z9mp xat24cr x1lziwak x1vvkbs xtlvy1s x126k92a\">\n<div dir=\"auto\"> Esta incorporaci\u00f3n contin\u00faa acompa\u00f1ando el crecimiento de los talleres y brindando m\u00e1s herramientas para el aprendizaje y la expresi\u00f3n art\u00edstica.<\/div>\n<\/div>\n","protected":false},"excerpt":{"rendered":"<p>La Municipalidad de Pronunciamiento, a trav\u00e9s de la Direcci\u00f3n de Cultura y Deportes, incorpor\u00f3 dos bombos que pasar\u00e1n a formar parte del Taller de Folclore, tanto en el grupo juvenil&#8230;<\/p>\n","protected":false},"author":5,"featured_media":13203,"comment_status":"closed","ping_status":"closed","sticky":false,"template":"","format":"standard","meta":{"_kad_post_transparent":"default","_kad_post_title":"default","_kad_post_layout":"default","_kad_post_sidebar_id":"","_kad_post_content_style":"default","_kad_post_vertical_padding":"default","_kad_post_feature":"","_kad_post_feature_position":"","_kad_post_header":false,"_kad_post_footer":false,"_kad_post_classname":"","footnotes":""},"categories":[15,1],"tags":[],"class_list":["post-13202","post","type-post","status-publish","format-standard","has-post-thumbnail","hentry","category-provinciales","category-ultimas-noticias"],"_links":{"self":[{"href":"https:\/\/lavozdetodos.com.ar\/index.php?rest_route=\/wp\/v2\/posts\/13202","targetHints":{"allow":["GET"]}}],"collection":[{"href":"https:\/\/lavozdetodos.com.ar\/index.php?rest_route=\/wp\/v2\/posts"}],"about":[{"href":"https:\/\/lavozdetodos.com.ar\/index.php?rest_route=\/wp\/v2\/types\/post"}],"author":[{"embeddable":true,"href":"https:\/\/lavozdetodos.com.ar\/index.php?rest_route=\/wp\/v2\/users\/5"}],"replies":[{"embeddable":true,"href":"https:\/\/lavozdetodos.com.ar\/index.php?rest_route=%2Fwp%2Fv2%2Fcomments&post=13202"}],"version-history":[{"count":1,"href":"https:\/\/lavozdetodos.com.ar\/index.php?rest_route=\/wp\/v2\/posts\/13202\/revisions"}],"predecessor-version":[{"id":13204,"href":"https:\/\/lavozdetodos.com.ar\/index.php?rest_route=\/wp\/v2\/posts\/13202\/revisions\/13204"}],"wp:featuredmedia":[{"embeddable":true,"href":"https:\/\/lavozdetodos.com.ar\/index.php?rest_route=\/wp\/v2\/media\/13203"}],"wp:attachment":[{"href":"https:\/\/lavozdetodos.com.ar\/index.php?rest_route=%2Fwp%2Fv2%2Fmedia&parent=13202"}],"wp:term":[{"taxonomy":"category","embeddable":true,"href":"https:\/\/lavozdetodos.com.ar\/index.php?rest_route=%2Fwp%2Fv2%2Fcategories&post=13202"},{"taxonomy":"post_tag","embeddable":true,"href":"https:\/\/lavozdetodos.com.ar\/index.php?rest_route=%2Fwp%2Fv2%2Ftags&post=13202"}],"curies":[{"name":"wp","href":"https:\/\/api.w.org\/{rel}","templated":true}]}}