{"id":13205,"date":"2026-05-09T11:45:06","date_gmt":"2026-05-09T14:45:06","guid":{"rendered":"https:\/\/lavozdetodos.com.ar\/?p=13205"},"modified":"2026-05-14T11:45:45","modified_gmt":"2026-05-14T14:45:45","slug":"%f0%9d%97%a7%f0%9d%97%a2%f0%9d%97%a5%f0%9d%97%a1%f0%9d%97%98%f0%9d%97%a2-%f0%9d%97%97%f0%9d%97%98-%f0%9d%97%95%f0%9d%97%a2%f0%9d%97%96%f0%9d%97%9b%f0%9d%97%94%f0%9d%97%a6-%f0%9d%97%97%f0%9d%97%98","status":"publish","type":"post","link":"https:\/\/lavozdetodos.com.ar\/?p=13205","title":{"rendered":"\ud835\udde7\ud835\udde2\ud835\udde5\ud835\udde1\ud835\uddd8\ud835\udde2 \ud835\uddd7\ud835\uddd8 \ud835\uddd5\ud835\udde2\ud835\uddd6\ud835\udddb\ud835\uddd4\ud835\udde6 \ud835\uddd7\ud835\uddd8 \ud835\udddf\ud835\uddd4 \ud835\udde0\ud835\udde8\ud835\udde1\ud835\udddc\ud835\uddd6\ud835\udddc\ud835\udde3\ud835\uddd4\ud835\udddf\ud835\udddc\ud835\uddd7\ud835\uddd4\ud835\uddd7 \ud835\uddd7\ud835\uddd8 \ud835\udde3\ud835\udde5\ud835\udde2\ud835\udde1\ud835\udde8\ud835\udde1\ud835\uddd6\ud835\udddc\ud835\uddd4\ud835\udde0\ud835\udddc\ud835\uddd8\ud835\udde1\ud835\udde7\ud835\udde2"},"content":{"rendered":"<div class=\"x14z9mp xat24cr x1lziwak x1vvkbs xtlvy1s x126k92a\">\n<div dir=\"auto\"> Fabio Pancho Far\u00edas y Yas\u00fa Far\u00edas se consagraron campeones en el Torneo de Bochas de la Municipalidad de Pronunciamiento, despu\u00e9s de ganar en la final con una gran presencia de p\u00fablico.<\/div>\n<\/div>\n<div class=\"x14z9mp xat24cr x1lziwak x1vvkbs xtlvy1s x126k92a\">\n<div dir=\"auto\">\u00a0Sebasti\u00e1n Cardozo y Flavia Dodera llegaron a la gran final, disputada despu\u00e9s de varias jornadas con participantes del personal municipal.<\/div>\n<\/div>\n<div class=\"x14z9mp xat24cr x1lziwak x1vvkbs xtlvy1s x126k92a\">\n<div dir=\"auto\">\u00a0Los premiados recibieron los trofeos por parte del intendente Ricardo Sandoval y del organizador del certamen, Ra\u00fal Chama Cardozo.<\/div>\n<\/div>\n<div class=\"x14z9mp xat24cr x1lziwak x1vvkbs xtlvy1s x126k92a\">\n<div dir=\"auto\">\u00a0Este tipo de actividades permiten seguir fomentando el deporte y los espacios de encuentro entre vecinos y trabajadores. El torneo tambi\u00e9n genera un movimiento positivo para la econom\u00eda local, acompa\u00f1ando y apoyando a comercios del pueblo como el Bar del Cholo, donde durante cada jornada hubo consumo y acompa\u00f1amiento de los asistentes.<\/div>\n<\/div>\n","protected":false},"excerpt":{"rendered":"<p>Fabio Pancho Far\u00edas y Yas\u00fa Far\u00edas se consagraron campeones en el Torneo de Bochas de la Municipalidad de Pronunciamiento, despu\u00e9s de ganar en la final con una gran presencia de&#8230;<\/p>\n","protected":false},"author":5,"featured_media":13206,"comment_status":"closed","ping_status":"closed","sticky":false,"template":"","format":"standard","meta":{"_kad_post_transparent":"default","_kad_post_title":"default","_kad_post_layout":"default","_kad_post_sidebar_id":"","_kad_post_content_style":"default","_kad_post_vertical_padding":"default","_kad_post_feature":"","_kad_post_feature_position":"","_kad_post_header":false,"_kad_post_footer":false,"_kad_post_classname":"","footnotes":""},"categories":[15,1],"tags":[],"class_list":["post-13205","post","type-post","status-publish","format-standard","has-post-thumbnail","hentry","category-provinciales","category-ultimas-noticias"],"_links":{"self":[{"href":"https:\/\/lavozdetodos.com.ar\/index.php?rest_route=\/wp\/v2\/posts\/13205","targetHints":{"allow":["GET"]}}],"collection":[{"href":"https:\/\/lavozdetodos.com.ar\/index.php?rest_route=\/wp\/v2\/posts"}],"about":[{"href":"https:\/\/lavozdetodos.com.ar\/index.php?rest_route=\/wp\/v2\/types\/post"}],"author":[{"embeddable":true,"href":"https:\/\/lavozdetodos.com.ar\/index.php?rest_route=\/wp\/v2\/users\/5"}],"replies":[{"embeddable":true,"href":"https:\/\/lavozdetodos.com.ar\/index.php?rest_route=%2Fwp%2Fv2%2Fcomments&post=13205"}],"version-history":[{"count":1,"href":"https:\/\/lavozdetodos.com.ar\/index.php?rest_route=\/wp\/v2\/posts\/13205\/revisions"}],"predecessor-version":[{"id":13207,"href":"https:\/\/lavozdetodos.com.ar\/index.php?rest_route=\/wp\/v2\/posts\/13205\/revisions\/13207"}],"wp:featuredmedia":[{"embeddable":true,"href":"https:\/\/lavozdetodos.com.ar\/index.php?rest_route=\/wp\/v2\/media\/13206"}],"wp:attachment":[{"href":"https:\/\/lavozdetodos.com.ar\/index.php?rest_route=%2Fwp%2Fv2%2Fmedia&parent=13205"}],"wp:term":[{"taxonomy":"category","embeddable":true,"href":"https:\/\/lavozdetodos.com.ar\/index.php?rest_route=%2Fwp%2Fv2%2Fcategories&post=13205"},{"taxonomy":"post_tag","embeddable":true,"href":"https:\/\/lavozdetodos.com.ar\/index.php?rest_route=%2Fwp%2Fv2%2Ftags&post=13205"}],"curies":[{"name":"wp","href":"https:\/\/api.w.org\/{rel}","templated":true}]}}