{"id":14014,"date":"2026-08-31T15:40:39","date_gmt":"2026-08-31T18:40:39","guid":{"rendered":"https:\/\/lavozdetodos.com.ar\/?p=14014"},"modified":"2026-08-31T15:40:39","modified_gmt":"2026-08-31T18:40:39","slug":"villa-elisa-avanza-con-el-autodiagnostico-sobre-ninez-y-adolescencia","status":"publish","type":"post","link":"https:\/\/lavozdetodos.com.ar\/?p=14014","title":{"rendered":"Villa Elisa avanza con el autodiagn\u00f3stico sobre ni\u00f1ez y adolescencia"},"content":{"rendered":"<p class=\"PDq2pG_selectionAnchorContainer\" data-start=\"57\" data-end=\"348\">Este viernes se desarroll\u00f3 una nueva etapa de trabajo en el marco del <strong data-start=\"127\" data-end=\"193\">Programa MUNA (Municipio Unido por la Ni\u00f1ez y la Adolescencia)<\/strong>, con la visita de <strong data-start=\"212\" data-end=\"268\">Florencia L\u00f3pez Benavides, coordinadora de la Zona 2<\/strong>, quien acompa\u00f1\u00f3 el proceso que permitir\u00e1 definir las pr\u00f3ximas l\u00edneas de acci\u00f3n.<\/p>\n<p data-start=\"350\" data-end=\"622\">Durante la jornada participaron <strong data-start=\"382\" data-end=\"435\">instituciones educativas, culturales y deportivas<\/strong>, junto con diferentes \u00e1reas municipales vinculadas a las primeras infancias. Estos sectores aportaron informaci\u00f3n y datos fundamentales para avanzar en el diagn\u00f3stico y la planificaci\u00f3n.<\/p>\n<p data-start=\"624\" data-end=\"831\" data-is-last-node=\"\" data-is-only-node=\"\">El programa busca <strong data-start=\"642\" data-end=\"693\">fortalecer las capacidades de gesti\u00f3n municipal<\/strong> y promover pol\u00edticas p\u00fablicas destinadas a garantizar los derechos, el bienestar y el desarrollo integral de ni\u00f1os, ni\u00f1as y adolescentes.<\/p>\n","protected":false},"excerpt":{"rendered":"<p>Este viernes se desarroll\u00f3 una nueva etapa de trabajo en el marco del Programa MUNA (Municipio Unido por la Ni\u00f1ez y la Adolescencia), con la visita de Florencia L\u00f3pez Benavides,&#8230;<\/p>\n","protected":false},"author":5,"featured_media":14015,"comment_status":"closed","ping_status":"closed","sticky":false,"template":"","format":"standard","meta":{"_kad_post_transparent":"default","_kad_post_title":"default","_kad_post_layout":"default","_kad_post_sidebar_id":"","_kad_post_content_style":"default","_kad_post_vertical_padding":"default","_kad_post_feature":"","_kad_post_feature_position":"","_kad_post_header":false,"_kad_post_footer":false,"_kad_post_classname":"","footnotes":""},"categories":[8,1],"tags":[],"class_list":["post-14014","post","type-post","status-publish","format-standard","has-post-thumbnail","hentry","category-locales","category-ultimas-noticias"],"_links":{"self":[{"href":"https:\/\/lavozdetodos.com.ar\/index.php?rest_route=\/wp\/v2\/posts\/14014","targetHints":{"allow":["GET"]}}],"collection":[{"href":"https:\/\/lavozdetodos.com.ar\/index.php?rest_route=\/wp\/v2\/posts"}],"about":[{"href":"https:\/\/lavozdetodos.com.ar\/index.php?rest_route=\/wp\/v2\/types\/post"}],"author":[{"embeddable":true,"href":"https:\/\/lavozdetodos.com.ar\/index.php?rest_route=\/wp\/v2\/users\/5"}],"replies":[{"embeddable":true,"href":"https:\/\/lavozdetodos.com.ar\/index.php?rest_route=%2Fwp%2Fv2%2Fcomments&post=14014"}],"version-history":[{"count":1,"href":"https:\/\/lavozdetodos.com.ar\/index.php?rest_route=\/wp\/v2\/posts\/14014\/revisions"}],"predecessor-version":[{"id":14016,"href":"https:\/\/lavozdetodos.com.ar\/index.php?rest_route=\/wp\/v2\/posts\/14014\/revisions\/14016"}],"wp:featuredmedia":[{"embeddable":true,"href":"https:\/\/lavozdetodos.com.ar\/index.php?rest_route=\/wp\/v2\/media\/14015"}],"wp:attachment":[{"href":"https:\/\/lavozdetodos.com.ar\/index.php?rest_route=%2Fwp%2Fv2%2Fmedia&parent=14014"}],"wp:term":[{"taxonomy":"category","embeddable":true,"href":"https:\/\/lavozdetodos.com.ar\/index.php?rest_route=%2Fwp%2Fv2%2Fcategories&post=14014"},{"taxonomy":"post_tag","embeddable":true,"href":"https:\/\/lavozdetodos.com.ar\/index.php?rest_route=%2Fwp%2Fv2%2Ftags&post=14014"}],"curies":[{"name":"wp","href":"https:\/\/api.w.org\/{rel}","templated":true}]}}