{"id":14017,"date":"2026-08-31T15:42:01","date_gmt":"2026-08-31T18:42:01","guid":{"rendered":"https:\/\/lavozdetodos.com.ar\/?p=14017"},"modified":"2026-08-31T15:42:01","modified_gmt":"2026-08-31T18:42:01","slug":"villa-elisa-homenajeara-a-jorge-enrique-marti-por-sus-100-anos","status":"publish","type":"post","link":"https:\/\/lavozdetodos.com.ar\/?p=14017","title":{"rendered":"Villa Elisa homenajear\u00e1 a Jorge Enrique Mart\u00ed por sus 100 a\u00f1os"},"content":{"rendered":"<p class=\"isSelectedEnd\">Villa Elisa ser\u00e1 escenario de una velada especial para homenajear al reconocido escritor entrerriano <strong>Jorge Enrique Mart\u00ed<\/strong>, al cumplirse 100 a\u00f1os de su natalicio. La actividad se realizar\u00e1 el <strong>s\u00e1bado 12 de septiembre, desde las 18:00<\/strong>, en el Auditorio Municipal Heraldo N. Peragallo, con entrada libre y gratuita.<\/p>\n<p class=\"isSelectedEnd\">La propuesta es organizada por el <strong>\u00c1rea Municipal de Cultura y Educaci\u00f3n<\/strong>, junto a familiares del escritor, y tendr\u00e1 como objetivo poner en valor su trayectoria, su obra y el aporte realizado a la literatura y a la identidad cultural de Entre R\u00edos.<\/p>\n<p class=\"isSelectedEnd\">El programa comenzar\u00e1 a las 18:00 con las palabras de bienvenida de la intendenta <strong>Susana Lambert<\/strong> y familiares de Mart\u00ed. A las 18:30, Adriana Ortea presentar\u00e1 \u201cJorge Enrique Mart\u00ed, el poeta de la entrerrianidad\u201d.<\/p>\n<p class=\"isSelectedEnd\">Luego, a las 19:30, se proyectar\u00e1 el documental <strong>\u201cMart\u00ed, escritor entrerriano\u201d<\/strong>, producido por TV-UNER. A las 20:00 tendr\u00e1 lugar la presentaci\u00f3n art\u00edstica <strong>\u201cVida y obra de Jorge Enrique Mart\u00ed\u201d<\/strong>, a cargo del Lic. Roberto Romani junto a Hugo Mena, Vicente Cuneo y Joaqu\u00edn Bogado.<\/p>\n<p class=\"isSelectedEnd\">El cierre de la jornada ser\u00e1 musical, desde las 21:00, con la participaci\u00f3n de Jair Medina y Mart\u00edn Zermathen, adem\u00e1s de la propuesta \u201cEntre R\u00edos y canciones\u201d, que contar\u00e1 con Marita Londra, Carlos Aguirre, Beti Plana y Polo Mart\u00ed.<\/p>\n<p class=\"isSelectedEnd\">Jorge Enrique Mart\u00ed se destac\u00f3 como <strong>poeta, educador, periodista y editor<\/strong>, y a trav\u00e9s de su obra reflej\u00f3 el paisaje, el r\u00edo, la memoria y las expresiones culturales de Entre R\u00edos, dejando un importante legado para la literatura y el patrimonio cultural de la provincia.<\/p>\n<p>El homenaje en Villa Elisa formar\u00e1 parte de una serie de actividades que se desarrollar\u00e1n en distintas localidades del <strong>departamento Col\u00f3n entre el 8 y el 14 de septiembre<\/strong>, en el marco del centenario de su nacimiento.<\/p>\n","protected":false},"excerpt":{"rendered":"<p>Villa Elisa ser\u00e1 escenario de una velada especial para homenajear al reconocido escritor entrerriano Jorge Enrique Mart\u00ed, al cumplirse 100 a\u00f1os de su natalicio. La actividad se realizar\u00e1 el s\u00e1bado&#8230;<\/p>\n","protected":false},"author":5,"featured_media":14018,"comment_status":"closed","ping_status":"closed","sticky":false,"template":"","format":"standard","meta":{"_kad_post_transparent":"default","_kad_post_title":"default","_kad_post_layout":"default","_kad_post_sidebar_id":"","_kad_post_content_style":"default","_kad_post_vertical_padding":"default","_kad_post_feature":"","_kad_post_feature_position":"","_kad_post_header":false,"_kad_post_footer":false,"_kad_post_classname":"","footnotes":""},"categories":[8,1],"tags":[],"class_list":["post-14017","post","type-post","status-publish","format-standard","has-post-thumbnail","hentry","category-locales","category-ultimas-noticias"],"_links":{"self":[{"href":"https:\/\/lavozdetodos.com.ar\/index.php?rest_route=\/wp\/v2\/posts\/14017","targetHints":{"allow":["GET"]}}],"collection":[{"href":"https:\/\/lavozdetodos.com.ar\/index.php?rest_route=\/wp\/v2\/posts"}],"about":[{"href":"https:\/\/lavozdetodos.com.ar\/index.php?rest_route=\/wp\/v2\/types\/post"}],"author":[{"embeddable":true,"href":"https:\/\/lavozdetodos.com.ar\/index.php?rest_route=\/wp\/v2\/users\/5"}],"replies":[{"embeddable":true,"href":"https:\/\/lavozdetodos.com.ar\/index.php?rest_route=%2Fwp%2Fv2%2Fcomments&post=14017"}],"version-history":[{"count":1,"href":"https:\/\/lavozdetodos.com.ar\/index.php?rest_route=\/wp\/v2\/posts\/14017\/revisions"}],"predecessor-version":[{"id":14019,"href":"https:\/\/lavozdetodos.com.ar\/index.php?rest_route=\/wp\/v2\/posts\/14017\/revisions\/14019"}],"wp:featuredmedia":[{"embeddable":true,"href":"https:\/\/lavozdetodos.com.ar\/index.php?rest_route=\/wp\/v2\/media\/14018"}],"wp:attachment":[{"href":"https:\/\/lavozdetodos.com.ar\/index.php?rest_route=%2Fwp%2Fv2%2Fmedia&parent=14017"}],"wp:term":[{"taxonomy":"category","embeddable":true,"href":"https:\/\/lavozdetodos.com.ar\/index.php?rest_route=%2Fwp%2Fv2%2Fcategories&post=14017"},{"taxonomy":"post_tag","embeddable":true,"href":"https:\/\/lavozdetodos.com.ar\/index.php?rest_route=%2Fwp%2Fv2%2Ftags&post=14017"}],"curies":[{"name":"wp","href":"https:\/\/api.w.org\/{rel}","templated":true}]}}