{"id":14020,"date":"2026-08-31T15:43:57","date_gmt":"2026-08-31T18:43:57","guid":{"rendered":"https:\/\/lavozdetodos.com.ar\/?p=14020"},"modified":"2026-08-31T15:43:57","modified_gmt":"2026-08-31T18:43:57","slug":"san-jose-educacion-y-formacion-profesional-que-fortalecen-la-comunidad","status":"publish","type":"post","link":"https:\/\/lavozdetodos.com.ar\/?p=14020","title":{"rendered":"San Jos\u00e9: Educaci\u00f3n y formaci\u00f3n profesional que fortalecen la comunidad"},"content":{"rendered":"<p class=\"isSelectedEnd\">En el marco de un convenio entre la <strong>Municipalidad de San Jos\u00e9<\/strong> y la <strong>EET N.\u00ba 2, Anexo de Formaci\u00f3n Profesional \u201cCan\u00f3nigo Narciso Goiburu\u201d<\/strong>, se realiz\u00f3 la entrega de dos arcos deportivos destinados a la <strong>Escuela NINA N.\u00ba 32 \u201cPronunciamiento\u201d<\/strong>, ubicada en el barrio El Brillante.<\/p>\n<p class=\"isSelectedEnd\">Los elementos, que ser\u00e1n utilizados para las pr\u00e1cticas de <strong>f\u00fatbol y handball<\/strong>, fueron confeccionados por estudiantes de la Formaci\u00f3n Profesional <strong>\u201cSoldador B\u00e1sico\u201d<\/strong>, correspondiente a la primera cohorte del ciclo 2026.<\/p>\n<p class=\"isSelectedEnd\">La instituci\u00f3n educativa aport\u00f3 los materiales necesarios, mientras que los estudiantes aplicaron los conocimientos adquiridos durante su formaci\u00f3n para concretar un proyecto destinado a otra instituci\u00f3n de la comunidad.<\/p>\n<p class=\"isSelectedEnd\">La iniciativa representa un ejemplo de c\u00f3mo la educaci\u00f3n y la formaci\u00f3n en oficios pueden vincularse con las necesidades concretas de la comunidad, generando oportunidades de aprendizaje y fortaleciendo el trabajo conjunto entre instituciones.<\/p>\n<p>De esta manera, la capacitaci\u00f3n profesional no solo permite adquirir conocimientos y herramientas laborales, sino tambi\u00e9n <strong>transformar lo aprendido en acciones concretas que contribuyen al desarrollo de la comunidad<\/strong>.<\/p>\n","protected":false},"excerpt":{"rendered":"<p>En el marco de un convenio entre la Municipalidad de San Jos\u00e9 y la EET N.\u00ba 2, Anexo de Formaci\u00f3n Profesional \u201cCan\u00f3nigo Narciso Goiburu\u201d, se realiz\u00f3 la entrega de dos&#8230;<\/p>\n","protected":false},"author":5,"featured_media":14022,"comment_status":"closed","ping_status":"closed","sticky":false,"template":"","format":"standard","meta":{"_kad_post_transparent":"default","_kad_post_title":"default","_kad_post_layout":"default","_kad_post_sidebar_id":"","_kad_post_content_style":"default","_kad_post_vertical_padding":"default","_kad_post_feature":"","_kad_post_feature_position":"","_kad_post_header":false,"_kad_post_footer":false,"_kad_post_classname":"","footnotes":""},"categories":[8,1],"tags":[],"class_list":["post-14020","post","type-post","status-publish","format-standard","has-post-thumbnail","hentry","category-locales","category-ultimas-noticias"],"_links":{"self":[{"href":"https:\/\/lavozdetodos.com.ar\/index.php?rest_route=\/wp\/v2\/posts\/14020","targetHints":{"allow":["GET"]}}],"collection":[{"href":"https:\/\/lavozdetodos.com.ar\/index.php?rest_route=\/wp\/v2\/posts"}],"about":[{"href":"https:\/\/lavozdetodos.com.ar\/index.php?rest_route=\/wp\/v2\/types\/post"}],"author":[{"embeddable":true,"href":"https:\/\/lavozdetodos.com.ar\/index.php?rest_route=\/wp\/v2\/users\/5"}],"replies":[{"embeddable":true,"href":"https:\/\/lavozdetodos.com.ar\/index.php?rest_route=%2Fwp%2Fv2%2Fcomments&post=14020"}],"version-history":[{"count":1,"href":"https:\/\/lavozdetodos.com.ar\/index.php?rest_route=\/wp\/v2\/posts\/14020\/revisions"}],"predecessor-version":[{"id":14023,"href":"https:\/\/lavozdetodos.com.ar\/index.php?rest_route=\/wp\/v2\/posts\/14020\/revisions\/14023"}],"wp:featuredmedia":[{"embeddable":true,"href":"https:\/\/lavozdetodos.com.ar\/index.php?rest_route=\/wp\/v2\/media\/14022"}],"wp:attachment":[{"href":"https:\/\/lavozdetodos.com.ar\/index.php?rest_route=%2Fwp%2Fv2%2Fmedia&parent=14020"}],"wp:term":[{"taxonomy":"category","embeddable":true,"href":"https:\/\/lavozdetodos.com.ar\/index.php?rest_route=%2Fwp%2Fv2%2Fcategories&post=14020"},{"taxonomy":"post_tag","embeddable":true,"href":"https:\/\/lavozdetodos.com.ar\/index.php?rest_route=%2Fwp%2Fv2%2Ftags&post=14020"}],"curies":[{"name":"wp","href":"https:\/\/api.w.org\/{rel}","templated":true}]}}