{"id":14024,"date":"2026-08-31T15:45:29","date_gmt":"2026-08-31T18:45:29","guid":{"rendered":"https:\/\/lavozdetodos.com.ar\/?p=14024"},"modified":"2026-08-31T15:45:29","modified_gmt":"2026-08-31T18:45:29","slug":"arroyo-baru-mantiene-abierta-la-inscripcion-para-castraciones","status":"publish","type":"post","link":"https:\/\/lavozdetodos.com.ar\/?p=14024","title":{"rendered":"Arroyo Bar\u00fa mantiene abierta la inscripci\u00f3n para castraciones"},"content":{"rendered":"<p class=\"isSelectedEnd\">La <strong>Comuna de Arroyo Bar\u00fa<\/strong> inform\u00f3 que contin\u00faa abierta la inscripci\u00f3n para la pr\u00f3xima <strong>Campa\u00f1a de Castraci\u00f3n Gratuita de Mascotas<\/strong>, una iniciativa orientada a promover la salud p\u00fablica, el bienestar animal y la tenencia responsable.<\/p>\n<p class=\"isSelectedEnd\">La jornada se llevar\u00e1 a cabo el <strong>domingo 6 de septiembre<\/strong> y contar\u00e1 con <strong>cupos limitados<\/strong>. Desde la comuna se\u00f1alaron que las solicitudes avanzan r\u00e1pidamente, por lo que recomendaron a los vecinos interesados realizar la reserva con anticipaci\u00f3n.<\/p>\n<p class=\"isSelectedEnd\">Para solicitar un turno o realizar consultas, los interesados deber\u00e1n comunicarse al <strong>3442-626901<\/strong>.<\/p>\n<p>La castraci\u00f3n permite contribuir al control de la superpoblaci\u00f3n de perros y gatos, adem\u00e1s de favorecer la prevenci\u00f3n de enfermedades y mejorar la calidad de vida de las mascotas.<\/p>\n","protected":false},"excerpt":{"rendered":"<p>La Comuna de Arroyo Bar\u00fa inform\u00f3 que contin\u00faa abierta la inscripci\u00f3n para la pr\u00f3xima Campa\u00f1a de Castraci\u00f3n Gratuita de Mascotas, una iniciativa orientada a promover la salud p\u00fablica, el bienestar&#8230;<\/p>\n","protected":false},"author":5,"featured_media":14025,"comment_status":"closed","ping_status":"closed","sticky":false,"template":"","format":"standard","meta":{"_kad_post_transparent":"default","_kad_post_title":"default","_kad_post_layout":"default","_kad_post_sidebar_id":"","_kad_post_content_style":"default","_kad_post_vertical_padding":"default","_kad_post_feature":"","_kad_post_feature_position":"","_kad_post_header":false,"_kad_post_footer":false,"_kad_post_classname":"","footnotes":""},"categories":[8,1],"tags":[],"class_list":["post-14024","post","type-post","status-publish","format-standard","has-post-thumbnail","hentry","category-locales","category-ultimas-noticias"],"_links":{"self":[{"href":"https:\/\/lavozdetodos.com.ar\/index.php?rest_route=\/wp\/v2\/posts\/14024","targetHints":{"allow":["GET"]}}],"collection":[{"href":"https:\/\/lavozdetodos.com.ar\/index.php?rest_route=\/wp\/v2\/posts"}],"about":[{"href":"https:\/\/lavozdetodos.com.ar\/index.php?rest_route=\/wp\/v2\/types\/post"}],"author":[{"embeddable":true,"href":"https:\/\/lavozdetodos.com.ar\/index.php?rest_route=\/wp\/v2\/users\/5"}],"replies":[{"embeddable":true,"href":"https:\/\/lavozdetodos.com.ar\/index.php?rest_route=%2Fwp%2Fv2%2Fcomments&post=14024"}],"version-history":[{"count":1,"href":"https:\/\/lavozdetodos.com.ar\/index.php?rest_route=\/wp\/v2\/posts\/14024\/revisions"}],"predecessor-version":[{"id":14026,"href":"https:\/\/lavozdetodos.com.ar\/index.php?rest_route=\/wp\/v2\/posts\/14024\/revisions\/14026"}],"wp:featuredmedia":[{"embeddable":true,"href":"https:\/\/lavozdetodos.com.ar\/index.php?rest_route=\/wp\/v2\/media\/14025"}],"wp:attachment":[{"href":"https:\/\/lavozdetodos.com.ar\/index.php?rest_route=%2Fwp%2Fv2%2Fmedia&parent=14024"}],"wp:term":[{"taxonomy":"category","embeddable":true,"href":"https:\/\/lavozdetodos.com.ar\/index.php?rest_route=%2Fwp%2Fv2%2Fcategories&post=14024"},{"taxonomy":"post_tag","embeddable":true,"href":"https:\/\/lavozdetodos.com.ar\/index.php?rest_route=%2Fwp%2Fv2%2Ftags&post=14024"}],"curies":[{"name":"wp","href":"https:\/\/api.w.org\/{rel}","templated":true}]}}