{"id":14027,"date":"2026-08-29T15:45:35","date_gmt":"2026-08-29T18:45:35","guid":{"rendered":"https:\/\/lavozdetodos.com.ar\/?p=14027"},"modified":"2026-08-31T15:46:56","modified_gmt":"2026-08-31T18:46:56","slug":"la-clarita-garantiza-la-continuidad-de-la-sala-de-2-y-3-anos","status":"publish","type":"post","link":"https:\/\/lavozdetodos.com.ar\/?p=14027","title":{"rendered":"La Clarita garantiza la continuidad de la Sala de 2 y 3 a\u00f1os"},"content":{"rendered":"<p class=\"isSelectedEnd\">La <strong>Comuna de La Clarita<\/strong> y el <strong>Consejo General de Educaci\u00f3n<\/strong> firmaron un nuevo Convenio de Colaboraci\u00f3n Mutua que permitir\u00e1 garantizar, por dos a\u00f1os m\u00e1s, la continuidad de la <strong>Sala de 2 y 3 a\u00f1os<\/strong> que funciona en la Escuela N.\u00ba 19 \u201c9 de Julio\u201d.<\/p>\n<p class=\"isSelectedEnd\">El acuerdo fue suscripto por el presidente comunal <strong>Mario Devotto<\/strong>, la directora Departamental de Escuelas, <strong>Paola Pagani<\/strong>, y la supervisora de Nivel Inicial, <strong>Mar\u00eda Isabel Ben\u00edtez<\/strong>.<\/p>\n<p class=\"isSelectedEnd\">La firma del convenio reafirma el trabajo articulado entre las instituciones para sostener este espacio destinado a acompa\u00f1ar a ni\u00f1os y ni\u00f1as durante sus primeros aprendizajes.<\/p>\n<p>Desde la comuna destacaron la importancia de dar continuidad a esta propuesta, que adem\u00e1s de favorecer el desarrollo y la educaci\u00f3n inicial, representa un importante apoyo para las familias de la comunidad.<\/p>\n","protected":false},"excerpt":{"rendered":"<p>La Comuna de La Clarita y el Consejo General de Educaci\u00f3n firmaron un nuevo Convenio de Colaboraci\u00f3n Mutua que permitir\u00e1 garantizar, por dos a\u00f1os m\u00e1s, la continuidad de la Sala&#8230;<\/p>\n","protected":false},"author":5,"featured_media":14028,"comment_status":"closed","ping_status":"closed","sticky":false,"template":"","format":"standard","meta":{"_kad_post_transparent":"default","_kad_post_title":"default","_kad_post_layout":"default","_kad_post_sidebar_id":"","_kad_post_content_style":"default","_kad_post_vertical_padding":"default","_kad_post_feature":"","_kad_post_feature_position":"","_kad_post_header":false,"_kad_post_footer":false,"_kad_post_classname":"","footnotes":""},"categories":[8,1],"tags":[],"class_list":["post-14027","post","type-post","status-publish","format-standard","has-post-thumbnail","hentry","category-locales","category-ultimas-noticias"],"_links":{"self":[{"href":"https:\/\/lavozdetodos.com.ar\/index.php?rest_route=\/wp\/v2\/posts\/14027","targetHints":{"allow":["GET"]}}],"collection":[{"href":"https:\/\/lavozdetodos.com.ar\/index.php?rest_route=\/wp\/v2\/posts"}],"about":[{"href":"https:\/\/lavozdetodos.com.ar\/index.php?rest_route=\/wp\/v2\/types\/post"}],"author":[{"embeddable":true,"href":"https:\/\/lavozdetodos.com.ar\/index.php?rest_route=\/wp\/v2\/users\/5"}],"replies":[{"embeddable":true,"href":"https:\/\/lavozdetodos.com.ar\/index.php?rest_route=%2Fwp%2Fv2%2Fcomments&post=14027"}],"version-history":[{"count":1,"href":"https:\/\/lavozdetodos.com.ar\/index.php?rest_route=\/wp\/v2\/posts\/14027\/revisions"}],"predecessor-version":[{"id":14029,"href":"https:\/\/lavozdetodos.com.ar\/index.php?rest_route=\/wp\/v2\/posts\/14027\/revisions\/14029"}],"wp:featuredmedia":[{"embeddable":true,"href":"https:\/\/lavozdetodos.com.ar\/index.php?rest_route=\/wp\/v2\/media\/14028"}],"wp:attachment":[{"href":"https:\/\/lavozdetodos.com.ar\/index.php?rest_route=%2Fwp%2Fv2%2Fmedia&parent=14027"}],"wp:term":[{"taxonomy":"category","embeddable":true,"href":"https:\/\/lavozdetodos.com.ar\/index.php?rest_route=%2Fwp%2Fv2%2Fcategories&post=14027"},{"taxonomy":"post_tag","embeddable":true,"href":"https:\/\/lavozdetodos.com.ar\/index.php?rest_route=%2Fwp%2Fv2%2Ftags&post=14027"}],"curies":[{"name":"wp","href":"https:\/\/api.w.org\/{rel}","templated":true}]}}