{"id":14030,"date":"2026-08-28T15:48:09","date_gmt":"2026-08-28T18:48:09","guid":{"rendered":"https:\/\/lavozdetodos.com.ar\/?p=14030"},"modified":"2026-08-31T15:48:27","modified_gmt":"2026-08-31T18:48:27","slug":"la-clarita-volvio-a-estar-presente-en-los-juegos-culturales","status":"publish","type":"post","link":"https:\/\/lavozdetodos.com.ar\/?p=14030","title":{"rendered":"La Clarita volvi\u00f3 a estar presente en los Juegos Culturales"},"content":{"rendered":"<p class=\"isSelectedEnd\">Por segundo a\u00f1o consecutivo, <strong>Marcelo Miret<\/strong>, integrante del Grupo de Teatro Comunitario de La Clarita, particip\u00f3 de los <strong>Juegos Culturales de Adultos Mayores<\/strong> organizados por el Gobierno de Entre R\u00edos. En esta oportunidad, el encuentro se desarroll\u00f3 en la ciudad de <strong>San Jos\u00e9<\/strong>.<\/p>\n<p class=\"isSelectedEnd\">Durante la jornada, Miret present\u00f3 el unipersonal <strong>\u201cLa libreta de Sebasti\u00e1n\u201d<\/strong>, llevando su talento y el trabajo del teatro comunitario a este espacio de encuentro, expresi\u00f3n y promoci\u00f3n cultural.<\/p>\n<p class=\"isSelectedEnd\">El artista represent\u00f3 a <strong>La Clarita<\/strong> con orgullo y estuvo acompa\u00f1ado por <strong>Eduardo Vel\u00e1zquez<\/strong>, director del Grupo de Teatro Comunitario, junto a <strong>Marcela Messaros y Laura Chaulet<\/strong>.<\/p>\n<p>Desde la comunidad destacaron el compromiso de Miret con el teatro y su aporte a la difusi\u00f3n de la cultura local, resaltando la importancia de que vecinos de La Clarita contin\u00faen llevando el nombre de la localidad a distintos escenarios de la regi\u00f3n.<\/p>\n","protected":false},"excerpt":{"rendered":"<p>Por segundo a\u00f1o consecutivo, Marcelo Miret, integrante del Grupo de Teatro Comunitario de La Clarita, particip\u00f3 de los Juegos Culturales de Adultos Mayores organizados por el Gobierno de Entre R\u00edos&#8230;.<\/p>\n","protected":false},"author":5,"featured_media":14031,"comment_status":"closed","ping_status":"closed","sticky":false,"template":"","format":"standard","meta":{"_kad_post_transparent":"default","_kad_post_title":"default","_kad_post_layout":"default","_kad_post_sidebar_id":"","_kad_post_content_style":"default","_kad_post_vertical_padding":"default","_kad_post_feature":"","_kad_post_feature_position":"","_kad_post_header":false,"_kad_post_footer":false,"_kad_post_classname":"","footnotes":""},"categories":[8,1],"tags":[],"class_list":["post-14030","post","type-post","status-publish","format-standard","has-post-thumbnail","hentry","category-locales","category-ultimas-noticias"],"_links":{"self":[{"href":"https:\/\/lavozdetodos.com.ar\/index.php?rest_route=\/wp\/v2\/posts\/14030","targetHints":{"allow":["GET"]}}],"collection":[{"href":"https:\/\/lavozdetodos.com.ar\/index.php?rest_route=\/wp\/v2\/posts"}],"about":[{"href":"https:\/\/lavozdetodos.com.ar\/index.php?rest_route=\/wp\/v2\/types\/post"}],"author":[{"embeddable":true,"href":"https:\/\/lavozdetodos.com.ar\/index.php?rest_route=\/wp\/v2\/users\/5"}],"replies":[{"embeddable":true,"href":"https:\/\/lavozdetodos.com.ar\/index.php?rest_route=%2Fwp%2Fv2%2Fcomments&post=14030"}],"version-history":[{"count":1,"href":"https:\/\/lavozdetodos.com.ar\/index.php?rest_route=\/wp\/v2\/posts\/14030\/revisions"}],"predecessor-version":[{"id":14032,"href":"https:\/\/lavozdetodos.com.ar\/index.php?rest_route=\/wp\/v2\/posts\/14030\/revisions\/14032"}],"wp:featuredmedia":[{"embeddable":true,"href":"https:\/\/lavozdetodos.com.ar\/index.php?rest_route=\/wp\/v2\/media\/14031"}],"wp:attachment":[{"href":"https:\/\/lavozdetodos.com.ar\/index.php?rest_route=%2Fwp%2Fv2%2Fmedia&parent=14030"}],"wp:term":[{"taxonomy":"category","embeddable":true,"href":"https:\/\/lavozdetodos.com.ar\/index.php?rest_route=%2Fwp%2Fv2%2Fcategories&post=14030"},{"taxonomy":"post_tag","embeddable":true,"href":"https:\/\/lavozdetodos.com.ar\/index.php?rest_route=%2Fwp%2Fv2%2Ftags&post=14030"}],"curies":[{"name":"wp","href":"https:\/\/api.w.org\/{rel}","templated":true}]}}