{"id":14033,"date":"2026-08-31T15:55:02","date_gmt":"2026-08-31T18:55:02","guid":{"rendered":"https:\/\/lavozdetodos.com.ar\/?p=14033"},"modified":"2026-08-31T15:55:02","modified_gmt":"2026-08-31T18:55:02","slug":"villa-elisa-acompano-la-visita-del-gobernador-rogelio-frigerio-a-la-expo-rural-colon","status":"publish","type":"post","link":"https:\/\/lavozdetodos.com.ar\/?p=14033","title":{"rendered":"Villa Elisa acompa\u00f1\u00f3 la visita del gobernador Rogelio Frigerio a la Expo Rural Col\u00f3n"},"content":{"rendered":"<p><em>Este evento reuni\u00f3 a productores, emprendedores y familias en una celebraci\u00f3n del trabajo, el esfuerzo y las tradiciones de nuestra tierra.<\/em><\/p>\n<p>La Presidente Municipal, Susana Lambert, y el viceintendente, Christian Moren, acompa\u00f1aron la visita del gobernador Rogelio Frigerio y del ministro de Producci\u00f3n, Guillermo Bernaudo, a la 43\u00b0 Expo Rural Col\u00f3n.<span id=\"more-290040\"><\/span><\/p>\n<p>Este evento, organizado por la Sociedad Rural Col\u00f3n, se realiz\u00f3 el 28, 29 y 30 de agosto y reuni\u00f3 a productores, emprendedores y familias en una celebraci\u00f3n del trabajo, el esfuerzo y las tradiciones de nuestra tierra.<\/p>\n<p>El s\u00e1bado por la ma\u00f1ana, Frigerio realiz\u00f3 un recorrido por el predio de emprendedores, por los corrales y por la muestra de herramientas y maquinarias, en donde pudo dialogar con los productores.<\/p>\n<p>Durante la visita, el gobernador se interioriz\u00f3 sobre la situaci\u00f3n de nuestra zona en cuanto a la producci\u00f3n y puso en conocimiento de los referentes del campo las medidas que se est\u00e1n tomando desde Provincia para contribuir a la mejora de la producci\u00f3n agr\u00edcola-ganadera.<\/p>\n<p>Al respecto, la intendente de Villa Elisa destac\u00f3 la importancia de que el gobernador de la provincia visite y valore estas muestras, que reflejan el trabajo de toda una vida en el campo, ya que permiten que los productores sean escuchados de primera mano, en el lugar donde muestran lo que hacen.<\/p>\n<p>El domingo, adem\u00e1s, la Presidente Municipal particip\u00f3 del acto de inauguraci\u00f3n de la muestra, en el que se realiz\u00f3 la entrega de reconocimientos a los mejores animales y stands de la feria.<\/p>\n","protected":false},"excerpt":{"rendered":"<p>Este evento reuni\u00f3 a productores, emprendedores y familias en una celebraci\u00f3n del trabajo, el esfuerzo y las tradiciones de nuestra tierra. La Presidente Municipal, Susana Lambert, y el viceintendente, Christian&#8230;<\/p>\n","protected":false},"author":5,"featured_media":14034,"comment_status":"closed","ping_status":"closed","sticky":false,"template":"","format":"standard","meta":{"_kad_post_transparent":"default","_kad_post_title":"default","_kad_post_layout":"default","_kad_post_sidebar_id":"","_kad_post_content_style":"default","_kad_post_vertical_padding":"default","_kad_post_feature":"","_kad_post_feature_position":"","_kad_post_header":false,"_kad_post_footer":false,"_kad_post_classname":"","footnotes":""},"categories":[8,1],"tags":[],"class_list":["post-14033","post","type-post","status-publish","format-standard","has-post-thumbnail","hentry","category-locales","category-ultimas-noticias"],"_links":{"self":[{"href":"https:\/\/lavozdetodos.com.ar\/index.php?rest_route=\/wp\/v2\/posts\/14033","targetHints":{"allow":["GET"]}}],"collection":[{"href":"https:\/\/lavozdetodos.com.ar\/index.php?rest_route=\/wp\/v2\/posts"}],"about":[{"href":"https:\/\/lavozdetodos.com.ar\/index.php?rest_route=\/wp\/v2\/types\/post"}],"author":[{"embeddable":true,"href":"https:\/\/lavozdetodos.com.ar\/index.php?rest_route=\/wp\/v2\/users\/5"}],"replies":[{"embeddable":true,"href":"https:\/\/lavozdetodos.com.ar\/index.php?rest_route=%2Fwp%2Fv2%2Fcomments&post=14033"}],"version-history":[{"count":1,"href":"https:\/\/lavozdetodos.com.ar\/index.php?rest_route=\/wp\/v2\/posts\/14033\/revisions"}],"predecessor-version":[{"id":14035,"href":"https:\/\/lavozdetodos.com.ar\/index.php?rest_route=\/wp\/v2\/posts\/14033\/revisions\/14035"}],"wp:featuredmedia":[{"embeddable":true,"href":"https:\/\/lavozdetodos.com.ar\/index.php?rest_route=\/wp\/v2\/media\/14034"}],"wp:attachment":[{"href":"https:\/\/lavozdetodos.com.ar\/index.php?rest_route=%2Fwp%2Fv2%2Fmedia&parent=14033"}],"wp:term":[{"taxonomy":"category","embeddable":true,"href":"https:\/\/lavozdetodos.com.ar\/index.php?rest_route=%2Fwp%2Fv2%2Fcategories&post=14033"},{"taxonomy":"post_tag","embeddable":true,"href":"https:\/\/lavozdetodos.com.ar\/index.php?rest_route=%2Fwp%2Fv2%2Ftags&post=14033"}],"curies":[{"name":"wp","href":"https:\/\/api.w.org\/{rel}","templated":true}]}}