{"id":14036,"date":"2026-08-03T13:36:12","date_gmt":"2026-08-03T16:36:12","guid":{"rendered":"https:\/\/lavozdetodos.com.ar\/?p=14036"},"modified":"2026-09-02T13:39:23","modified_gmt":"2026-09-02T16:39:23","slug":"pronunciamiento-avanzo-con-la-licitacion-de-un-minitruck","status":"publish","type":"post","link":"https:\/\/lavozdetodos.com.ar\/?p=14036","title":{"rendered":"Pronunciamiento avanz\u00f3 con la licitaci\u00f3n de un minitruck"},"content":{"rendered":"<p class=\"PDq2pG_selectionAnchorContainer\" data-start=\"62\" data-end=\"305\">La Municipalidad de Pronunciamiento realiz\u00f3 este lunes la apertura de sobres correspondiente a la Licitaci\u00f3n P\u00fablica N.\u00ba 002\/2026, convocada para la adquisici\u00f3n de un veh\u00edculo utilitario de carga tipo minitruck, destinado a tareas municipales.<\/p>\n<p data-start=\"307\" data-end=\"642\">El acto se desarroll\u00f3 en la Sala de Sesiones del Honorable Concejo Deliberante y cont\u00f3 con la presencia del encargado de la Oficina Legal y T\u00e9cnica, Dr. Silvio Mastroiani; el secretario de Gobierno y Hacienda, Dante Ad\u00f3n; el encargado de la Oficina de Compras y Suministros, Nahuel Sandoval; y la tesorera municipal, Silvina Follonier.<\/p>\n<p data-start=\"644\" data-end=\"799\">Durante la apertura fueron presentadas dos ofertas, correspondientes a las firmas LTA Motors SRL y M\u00f3naco S.A., cuyos representantes participaron del acto.<\/p>\n<p data-start=\"801\" data-end=\"985\" data-is-last-node=\"\" data-is-only-node=\"\">La convocatoria hab\u00eda sido formalizada mediante el Decreto N.\u00ba 113-2026 (D.E.M.P.). Ahora, las propuestas ser\u00e1n analizadas y posteriormente se definir\u00e1 la adjudicaci\u00f3n correspondiente.<\/p>\n","protected":false},"excerpt":{"rendered":"<p>La Municipalidad de Pronunciamiento realiz\u00f3 este lunes la apertura de sobres correspondiente a la Licitaci\u00f3n P\u00fablica N.\u00ba 002\/2026, convocada para la adquisici\u00f3n de un veh\u00edculo utilitario de carga tipo minitruck,&#8230;<\/p>\n","protected":false},"author":5,"featured_media":14037,"comment_status":"closed","ping_status":"closed","sticky":false,"template":"","format":"standard","meta":{"_kad_post_transparent":"default","_kad_post_title":"default","_kad_post_layout":"default","_kad_post_sidebar_id":"","_kad_post_content_style":"default","_kad_post_vertical_padding":"default","_kad_post_feature":"","_kad_post_feature_position":"","_kad_post_header":false,"_kad_post_footer":false,"_kad_post_classname":"","footnotes":""},"categories":[15,1],"tags":[],"class_list":["post-14036","post","type-post","status-publish","format-standard","has-post-thumbnail","hentry","category-provinciales","category-ultimas-noticias"],"_links":{"self":[{"href":"https:\/\/lavozdetodos.com.ar\/index.php?rest_route=\/wp\/v2\/posts\/14036","targetHints":{"allow":["GET"]}}],"collection":[{"href":"https:\/\/lavozdetodos.com.ar\/index.php?rest_route=\/wp\/v2\/posts"}],"about":[{"href":"https:\/\/lavozdetodos.com.ar\/index.php?rest_route=\/wp\/v2\/types\/post"}],"author":[{"embeddable":true,"href":"https:\/\/lavozdetodos.com.ar\/index.php?rest_route=\/wp\/v2\/users\/5"}],"replies":[{"embeddable":true,"href":"https:\/\/lavozdetodos.com.ar\/index.php?rest_route=%2Fwp%2Fv2%2Fcomments&post=14036"}],"version-history":[{"count":1,"href":"https:\/\/lavozdetodos.com.ar\/index.php?rest_route=\/wp\/v2\/posts\/14036\/revisions"}],"predecessor-version":[{"id":14038,"href":"https:\/\/lavozdetodos.com.ar\/index.php?rest_route=\/wp\/v2\/posts\/14036\/revisions\/14038"}],"wp:featuredmedia":[{"embeddable":true,"href":"https:\/\/lavozdetodos.com.ar\/index.php?rest_route=\/wp\/v2\/media\/14037"}],"wp:attachment":[{"href":"https:\/\/lavozdetodos.com.ar\/index.php?rest_route=%2Fwp%2Fv2%2Fmedia&parent=14036"}],"wp:term":[{"taxonomy":"category","embeddable":true,"href":"https:\/\/lavozdetodos.com.ar\/index.php?rest_route=%2Fwp%2Fv2%2Fcategories&post=14036"},{"taxonomy":"post_tag","embeddable":true,"href":"https:\/\/lavozdetodos.com.ar\/index.php?rest_route=%2Fwp%2Fv2%2Ftags&post=14036"}],"curies":[{"name":"wp","href":"https:\/\/api.w.org\/{rel}","templated":true}]}}