{"id":14039,"date":"2026-08-06T13:40:03","date_gmt":"2026-08-06T16:40:03","guid":{"rendered":"https:\/\/lavozdetodos.com.ar\/?p=14039"},"modified":"2026-09-02T13:40:58","modified_gmt":"2026-09-02T16:40:58","slug":"pronunciamiento-pidio-equidad-en-los-planes-de-vivienda","status":"publish","type":"post","link":"https:\/\/lavozdetodos.com.ar\/?p=14039","title":{"rendered":"Pronunciamiento pidi\u00f3 equidad en los planes de vivienda"},"content":{"rendered":"<p class=\"isSelectedEnd\">El intendente de Pronunciamiento, Ricardo Sandoval, particip\u00f3 junto al senador provincial Mart\u00edn Oliva y otros intendentes del departamento Uruguay de una reuni\u00f3n con autoridades del Instituto Aut\u00e1rquico de Planeamiento y Vivienda (IAPV), donde se abord\u00f3 la situaci\u00f3n de los programas habitacionales en la provincia.<\/p>\n<p class=\"isSelectedEnd\">Durante el encuentro, Oliva plante\u00f3 la necesidad de garantizar una distribuci\u00f3n m\u00e1s equitativa de los planes de vivienda y solicit\u00f3 que Pronunciamiento y las dem\u00e1s localidades del departamento reciban el mismo tratamiento que otros municipios en condiciones similares.<\/p>\n<p class=\"isSelectedEnd\">En ese marco, Sandoval expuso la situaci\u00f3n habitacional de Pronunciamiento y se refiri\u00f3 a los 39 lotes donde anteriormente estaba prevista la construcci\u00f3n de viviendas, proyecto que posteriormente fue dado de baja por el IAPV.<\/p>\n<p class=\"isSelectedEnd\">El jefe comunal se\u00f1al\u00f3 que existe una importante demanda habitacional y destac\u00f3 la necesidad de definir el futuro de esos terrenos, luego de que el organismo solicitara iniciar el tr\u00e1mite para que vuelvan al dominio municipal. Una vez concluido ese proceso, se evaluar\u00e1n alternativas para impulsar nuevos proyectos de vivienda.<\/p>\n<p class=\"isSelectedEnd\">Por su parte, Oliva pidi\u00f3 agilizar los tr\u00e1mites administrativos y remarc\u00f3 la importancia de que el IAPV no solo contin\u00fae otorgando cr\u00e9ditos, sino que tambi\u00e9n promueva la construcci\u00f3n de viviendas en terrenos cedidos por los municipios.<\/p>\n<p>La reuni\u00f3n fue encabezada por el presidente del IAPV, Manuel Sch\u00f6nhals, y el vocal Jos\u00e9 Antonio Artusi. Tambi\u00e9n participaron los intendentes Hern\u00e1n Niz, de Villa Mantero; Fernando Viganoni, de San Justo; y Juan Amavet, de Santa Anita.<\/p>\n","protected":false},"excerpt":{"rendered":"<p>El intendente de Pronunciamiento, Ricardo Sandoval, particip\u00f3 junto al senador provincial Mart\u00edn Oliva y otros intendentes del departamento Uruguay de una reuni\u00f3n con autoridades del Instituto Aut\u00e1rquico de Planeamiento y&#8230;<\/p>\n","protected":false},"author":5,"featured_media":14040,"comment_status":"closed","ping_status":"closed","sticky":false,"template":"","format":"standard","meta":{"_kad_post_transparent":"default","_kad_post_title":"default","_kad_post_layout":"default","_kad_post_sidebar_id":"","_kad_post_content_style":"default","_kad_post_vertical_padding":"default","_kad_post_feature":"","_kad_post_feature_position":"","_kad_post_header":false,"_kad_post_footer":false,"_kad_post_classname":"","footnotes":""},"categories":[15,1],"tags":[],"class_list":["post-14039","post","type-post","status-publish","format-standard","has-post-thumbnail","hentry","category-provinciales","category-ultimas-noticias"],"_links":{"self":[{"href":"https:\/\/lavozdetodos.com.ar\/index.php?rest_route=\/wp\/v2\/posts\/14039","targetHints":{"allow":["GET"]}}],"collection":[{"href":"https:\/\/lavozdetodos.com.ar\/index.php?rest_route=\/wp\/v2\/posts"}],"about":[{"href":"https:\/\/lavozdetodos.com.ar\/index.php?rest_route=\/wp\/v2\/types\/post"}],"author":[{"embeddable":true,"href":"https:\/\/lavozdetodos.com.ar\/index.php?rest_route=\/wp\/v2\/users\/5"}],"replies":[{"embeddable":true,"href":"https:\/\/lavozdetodos.com.ar\/index.php?rest_route=%2Fwp%2Fv2%2Fcomments&post=14039"}],"version-history":[{"count":1,"href":"https:\/\/lavozdetodos.com.ar\/index.php?rest_route=\/wp\/v2\/posts\/14039\/revisions"}],"predecessor-version":[{"id":14041,"href":"https:\/\/lavozdetodos.com.ar\/index.php?rest_route=\/wp\/v2\/posts\/14039\/revisions\/14041"}],"wp:featuredmedia":[{"embeddable":true,"href":"https:\/\/lavozdetodos.com.ar\/index.php?rest_route=\/wp\/v2\/media\/14040"}],"wp:attachment":[{"href":"https:\/\/lavozdetodos.com.ar\/index.php?rest_route=%2Fwp%2Fv2%2Fmedia&parent=14039"}],"wp:term":[{"taxonomy":"category","embeddable":true,"href":"https:\/\/lavozdetodos.com.ar\/index.php?rest_route=%2Fwp%2Fv2%2Fcategories&post=14039"},{"taxonomy":"post_tag","embeddable":true,"href":"https:\/\/lavozdetodos.com.ar\/index.php?rest_route=%2Fwp%2Fv2%2Ftags&post=14039"}],"curies":[{"name":"wp","href":"https:\/\/api.w.org\/{rel}","templated":true}]}}