{"id":14042,"date":"2026-08-10T13:41:03","date_gmt":"2026-08-10T16:41:03","guid":{"rendered":"https:\/\/lavozdetodos.com.ar\/?p=14042"},"modified":"2026-09-02T13:42:19","modified_gmt":"2026-09-02T16:42:19","slug":"pronunciamiento-sumo-experiencia-en-voley-femenino-sub-18","status":"publish","type":"post","link":"https:\/\/lavozdetodos.com.ar\/?p=14042","title":{"rendered":"Pronunciamiento sum\u00f3 experiencia en v\u00f3ley femenino Sub-18"},"content":{"rendered":"<p class=\"isSelectedEnd\">Pronunciamiento particip\u00f3 este domingo de un Torneo de V\u00f3ley Femenino Sub-18 disputado en el Polideportivo de San Justo, con un equipo dirigido por J\u00e9sica Colli.<\/p>\n<p class=\"isSelectedEnd\">El conjunto del Taller Municipal de V\u00f3ley comparti\u00f3 la zona inicial con Lan\u00fas de Concepci\u00f3n del Uruguay y San Justo A. Las j\u00f3venes disputaron sus respectivos encuentros, aunque no consiguieron los resultados necesarios para avanzar a la siguiente instancia.<\/p>\n<p class=\"isSelectedEnd\">La competencia se desarroll\u00f3 de manera paralela a la Liga Zonal de V\u00f3ley Femenino, certamen en el que Pronunciamiento participa actualmente en las categor\u00edas Primera y Sub-16.<\/p>\n<p>La participaci\u00f3n permiti\u00f3 a las jugadoras sumar una nueva experiencia competitiva, continuar desarroll\u00e1ndose en la disciplina y representar a la localidad en una jornada deportiva.<\/p>\n","protected":false},"excerpt":{"rendered":"<p>Pronunciamiento particip\u00f3 este domingo de un Torneo de V\u00f3ley Femenino Sub-18 disputado en el Polideportivo de San Justo, con un equipo dirigido por J\u00e9sica Colli. El conjunto del Taller Municipal&#8230;<\/p>\n","protected":false},"author":5,"featured_media":14043,"comment_status":"closed","ping_status":"closed","sticky":false,"template":"","format":"standard","meta":{"_kad_post_transparent":"default","_kad_post_title":"default","_kad_post_layout":"default","_kad_post_sidebar_id":"","_kad_post_content_style":"default","_kad_post_vertical_padding":"default","_kad_post_feature":"","_kad_post_feature_position":"","_kad_post_header":false,"_kad_post_footer":false,"_kad_post_classname":"","footnotes":""},"categories":[15,1],"tags":[],"class_list":["post-14042","post","type-post","status-publish","format-standard","has-post-thumbnail","hentry","category-provinciales","category-ultimas-noticias"],"_links":{"self":[{"href":"https:\/\/lavozdetodos.com.ar\/index.php?rest_route=\/wp\/v2\/posts\/14042","targetHints":{"allow":["GET"]}}],"collection":[{"href":"https:\/\/lavozdetodos.com.ar\/index.php?rest_route=\/wp\/v2\/posts"}],"about":[{"href":"https:\/\/lavozdetodos.com.ar\/index.php?rest_route=\/wp\/v2\/types\/post"}],"author":[{"embeddable":true,"href":"https:\/\/lavozdetodos.com.ar\/index.php?rest_route=\/wp\/v2\/users\/5"}],"replies":[{"embeddable":true,"href":"https:\/\/lavozdetodos.com.ar\/index.php?rest_route=%2Fwp%2Fv2%2Fcomments&post=14042"}],"version-history":[{"count":1,"href":"https:\/\/lavozdetodos.com.ar\/index.php?rest_route=\/wp\/v2\/posts\/14042\/revisions"}],"predecessor-version":[{"id":14044,"href":"https:\/\/lavozdetodos.com.ar\/index.php?rest_route=\/wp\/v2\/posts\/14042\/revisions\/14044"}],"wp:featuredmedia":[{"embeddable":true,"href":"https:\/\/lavozdetodos.com.ar\/index.php?rest_route=\/wp\/v2\/media\/14043"}],"wp:attachment":[{"href":"https:\/\/lavozdetodos.com.ar\/index.php?rest_route=%2Fwp%2Fv2%2Fmedia&parent=14042"}],"wp:term":[{"taxonomy":"category","embeddable":true,"href":"https:\/\/lavozdetodos.com.ar\/index.php?rest_route=%2Fwp%2Fv2%2Fcategories&post=14042"},{"taxonomy":"post_tag","embeddable":true,"href":"https:\/\/lavozdetodos.com.ar\/index.php?rest_route=%2Fwp%2Fv2%2Ftags&post=14042"}],"curies":[{"name":"wp","href":"https:\/\/api.w.org\/{rel}","templated":true}]}}