{"id":14045,"date":"2026-08-12T13:42:25","date_gmt":"2026-08-12T16:42:25","guid":{"rendered":"https:\/\/lavozdetodos.com.ar\/?p=14045"},"modified":"2026-09-02T13:43:29","modified_gmt":"2026-09-02T16:43:29","slug":"pronunciamiento-impulsa-capacitacion-en-instalaciones-electricas","status":"publish","type":"post","link":"https:\/\/lavozdetodos.com.ar\/?p=14045","title":{"rendered":"Pronunciamiento impulsa capacitaci\u00f3n en instalaciones el\u00e9ctricas"},"content":{"rendered":"<p class=\"isSelectedEnd\">La Municipalidad de Pronunciamiento y la Universidad Aut\u00f3noma de Entre R\u00edos (UADER) organizan una nueva propuesta de capacitaci\u00f3n en oficios denominada \u201cAuxiliar en Instalaciones El\u00e9ctricas Domiciliarias\u201d, en el marco de la Resoluci\u00f3n CS 059-14.<\/p>\n<p class=\"isSelectedEnd\">La formaci\u00f3n busca brindar conocimientos t\u00e9cnicos y pr\u00e1cticos en electricidad, con el objetivo de que los participantes puedan adquirir herramientas para desempe\u00f1arse como auxiliares electricistas y responder a las necesidades de la comunidad.<\/p>\n<p class=\"isSelectedEnd\">La propuesta est\u00e1 destinada a personas mayores de 18 a\u00f1os que cuenten con estudios primarios completos. La modalidad ser\u00e1 presencial y tendr\u00e1 lugar en la Estaci\u00f3n del Ferrocarril de Pronunciamiento.<\/p>\n<p class=\"isSelectedEnd\">El curso contempla 16 encuentros, con una frecuencia de una vez por semana, los d\u00edas jueves de 19:30 a 21:30. El inicio est\u00e1 previsto para el 27 de agosto de 2026 y los cupos son limitados.<\/p>\n<p>Las inscripciones se realizan mediante un formulario online. Para consultas, los interesados pueden comunicarse con la Oficina de Obras P\u00fablicas de la Municipalidad de Pronunciamiento, con Esteban Pouler como referente.<\/p>\n","protected":false},"excerpt":{"rendered":"<p>La Municipalidad de Pronunciamiento y la Universidad Aut\u00f3noma de Entre R\u00edos (UADER) organizan una nueva propuesta de capacitaci\u00f3n en oficios denominada \u201cAuxiliar en Instalaciones El\u00e9ctricas Domiciliarias\u201d, en el marco de&#8230;<\/p>\n","protected":false},"author":5,"featured_media":14046,"comment_status":"closed","ping_status":"closed","sticky":false,"template":"","format":"standard","meta":{"_kad_post_transparent":"default","_kad_post_title":"default","_kad_post_layout":"default","_kad_post_sidebar_id":"","_kad_post_content_style":"default","_kad_post_vertical_padding":"default","_kad_post_feature":"","_kad_post_feature_position":"","_kad_post_header":false,"_kad_post_footer":false,"_kad_post_classname":"","footnotes":""},"categories":[15,1],"tags":[],"class_list":["post-14045","post","type-post","status-publish","format-standard","has-post-thumbnail","hentry","category-provinciales","category-ultimas-noticias"],"_links":{"self":[{"href":"https:\/\/lavozdetodos.com.ar\/index.php?rest_route=\/wp\/v2\/posts\/14045","targetHints":{"allow":["GET"]}}],"collection":[{"href":"https:\/\/lavozdetodos.com.ar\/index.php?rest_route=\/wp\/v2\/posts"}],"about":[{"href":"https:\/\/lavozdetodos.com.ar\/index.php?rest_route=\/wp\/v2\/types\/post"}],"author":[{"embeddable":true,"href":"https:\/\/lavozdetodos.com.ar\/index.php?rest_route=\/wp\/v2\/users\/5"}],"replies":[{"embeddable":true,"href":"https:\/\/lavozdetodos.com.ar\/index.php?rest_route=%2Fwp%2Fv2%2Fcomments&post=14045"}],"version-history":[{"count":1,"href":"https:\/\/lavozdetodos.com.ar\/index.php?rest_route=\/wp\/v2\/posts\/14045\/revisions"}],"predecessor-version":[{"id":14047,"href":"https:\/\/lavozdetodos.com.ar\/index.php?rest_route=\/wp\/v2\/posts\/14045\/revisions\/14047"}],"wp:featuredmedia":[{"embeddable":true,"href":"https:\/\/lavozdetodos.com.ar\/index.php?rest_route=\/wp\/v2\/media\/14046"}],"wp:attachment":[{"href":"https:\/\/lavozdetodos.com.ar\/index.php?rest_route=%2Fwp%2Fv2%2Fmedia&parent=14045"}],"wp:term":[{"taxonomy":"category","embeddable":true,"href":"https:\/\/lavozdetodos.com.ar\/index.php?rest_route=%2Fwp%2Fv2%2Fcategories&post=14045"},{"taxonomy":"post_tag","embeddable":true,"href":"https:\/\/lavozdetodos.com.ar\/index.php?rest_route=%2Fwp%2Fv2%2Ftags&post=14045"}],"curies":[{"name":"wp","href":"https:\/\/api.w.org\/{rel}","templated":true}]}}