{"id":14048,"date":"2026-08-15T13:44:02","date_gmt":"2026-08-15T16:44:02","guid":{"rendered":"https:\/\/lavozdetodos.com.ar\/?p=14048"},"modified":"2026-09-02T13:44:42","modified_gmt":"2026-09-02T16:44:42","slug":"pronunciamiento-fue-sede-de-una-jornada-de-filosofia","status":"publish","type":"post","link":"https:\/\/lavozdetodos.com.ar\/?p=14048","title":{"rendered":"Pronunciamiento fue sede de una jornada de filosof\u00eda"},"content":{"rendered":"<p class=\"isSelectedEnd\">El intendente de Pronunciamiento, Ricardo Sandoval, particip\u00f3 este viernes del acto inaugural de la quinta Jornada de Filosof\u00eda del R\u00edo Uruguay, desarrollada en el Auditorio Municipal Arturo Illia.<\/p>\n<p class=\"isSelectedEnd\">La propuesta re\u00fane a referentes del pensamiento, investigadores, docentes, estudiantes y p\u00fablico en general, consolid\u00e1ndose como un espacio de di\u00e1logo e intercambio de ideas.<\/p>\n<p class=\"isSelectedEnd\">Durante la jornada, la filosof\u00eda se plantea desde una perspectiva vinculada con la vida cotidiana, m\u00e1s all\u00e1 del \u00e1mbito estrictamente acad\u00e9mico. El programa incluye charlas con especialistas invitados, talleres y actividades art\u00edsticas.<\/p>\n<p>Las actividades continuar\u00e1n durante toda la jornada del s\u00e1bado, con una propuesta orientada a promover el pensamiento cr\u00edtico, el debate y el intercambio de conocimientos como herramientas para fortalecer los v\u00ednculos comunitarios.<\/p>\n","protected":false},"excerpt":{"rendered":"<p>El intendente de Pronunciamiento, Ricardo Sandoval, particip\u00f3 este viernes del acto inaugural de la quinta Jornada de Filosof\u00eda del R\u00edo Uruguay, desarrollada en el Auditorio Municipal Arturo Illia. La propuesta&#8230;<\/p>\n","protected":false},"author":5,"featured_media":14049,"comment_status":"closed","ping_status":"closed","sticky":false,"template":"","format":"standard","meta":{"_kad_post_transparent":"default","_kad_post_title":"default","_kad_post_layout":"default","_kad_post_sidebar_id":"","_kad_post_content_style":"default","_kad_post_vertical_padding":"default","_kad_post_feature":"","_kad_post_feature_position":"","_kad_post_header":false,"_kad_post_footer":false,"_kad_post_classname":"","footnotes":""},"categories":[15,1],"tags":[],"class_list":["post-14048","post","type-post","status-publish","format-standard","has-post-thumbnail","hentry","category-provinciales","category-ultimas-noticias"],"_links":{"self":[{"href":"https:\/\/lavozdetodos.com.ar\/index.php?rest_route=\/wp\/v2\/posts\/14048","targetHints":{"allow":["GET"]}}],"collection":[{"href":"https:\/\/lavozdetodos.com.ar\/index.php?rest_route=\/wp\/v2\/posts"}],"about":[{"href":"https:\/\/lavozdetodos.com.ar\/index.php?rest_route=\/wp\/v2\/types\/post"}],"author":[{"embeddable":true,"href":"https:\/\/lavozdetodos.com.ar\/index.php?rest_route=\/wp\/v2\/users\/5"}],"replies":[{"embeddable":true,"href":"https:\/\/lavozdetodos.com.ar\/index.php?rest_route=%2Fwp%2Fv2%2Fcomments&post=14048"}],"version-history":[{"count":1,"href":"https:\/\/lavozdetodos.com.ar\/index.php?rest_route=\/wp\/v2\/posts\/14048\/revisions"}],"predecessor-version":[{"id":14050,"href":"https:\/\/lavozdetodos.com.ar\/index.php?rest_route=\/wp\/v2\/posts\/14048\/revisions\/14050"}],"wp:featuredmedia":[{"embeddable":true,"href":"https:\/\/lavozdetodos.com.ar\/index.php?rest_route=\/wp\/v2\/media\/14049"}],"wp:attachment":[{"href":"https:\/\/lavozdetodos.com.ar\/index.php?rest_route=%2Fwp%2Fv2%2Fmedia&parent=14048"}],"wp:term":[{"taxonomy":"category","embeddable":true,"href":"https:\/\/lavozdetodos.com.ar\/index.php?rest_route=%2Fwp%2Fv2%2Fcategories&post=14048"},{"taxonomy":"post_tag","embeddable":true,"href":"https:\/\/lavozdetodos.com.ar\/index.php?rest_route=%2Fwp%2Fv2%2Ftags&post=14048"}],"curies":[{"name":"wp","href":"https:\/\/api.w.org\/{rel}","templated":true}]}}