{"id":14051,"date":"2026-08-18T13:45:24","date_gmt":"2026-08-18T16:45:24","guid":{"rendered":"https:\/\/lavozdetodos.com.ar\/?p=14051"},"modified":"2026-09-02T13:45:57","modified_gmt":"2026-09-02T16:45:57","slug":"pronunciamiento-se-destaco-en-un-torneo-de-tejo-en-uruguay","status":"publish","type":"post","link":"https:\/\/lavozdetodos.com.ar\/?p=14051","title":{"rendered":"Pronunciamiento se destac\u00f3 en un torneo de tejo en Uruguay"},"content":{"rendered":"<p class=\"isSelectedEnd\">Susana Bordet y Juan Colli, representantes del Tejo de Pronunciamiento e integrantes del Taller Municipal de Adultos Mayores, participaron del 7.\u00ba Torneo Anual Libertad, desarrollado en la Rep\u00fablica Oriental del Uruguay.<\/p>\n<p class=\"isSelectedEnd\">El certamen reuni\u00f3 a 160 jugadores y represent\u00f3 una nueva experiencia internacional para los representantes de la localidad.<\/p>\n<p class=\"isSelectedEnd\">En la modalidad de tr\u00edo femenino, Susana Bordet integr\u00f3 un equipo junto a jugadoras de Concepci\u00f3n del Uruguay y Col\u00f3n. Con una destacada actuaci\u00f3n, alcanz\u00f3 el primer puesto y se consagr\u00f3 campeona, logrando adem\u00e1s que el trofeo llegara a Pronunciamiento.<\/p>\n<p class=\"isSelectedEnd\">Por su parte, Juan Colli particip\u00f3 en la modalidad de tr\u00edo masculino junto a jugadores de Caseros y Col\u00f3n. El equipo obtuvo el quinto puesto y qued\u00f3 cerca de acceder a la \u00faltima ronda del certamen.<\/p>\n<p class=\"isSelectedEnd\">Durante la estad\u00eda, la delegaci\u00f3n argentina se hosped\u00f3 en Kiy\u00fa, localidad con una importante trayectoria dentro del \u00e1mbito del tejo.<\/p>\n<p class=\"isSelectedEnd\">La participaci\u00f3n permiti\u00f3 a los representantes de Pronunciamiento competir a nivel internacional, intercambiar experiencias con jugadores de distintos lugares y fortalecer los v\u00ednculos deportivos.<\/p>\n<p>Desde el \u00e1mbito municipal destacaron los resultados obtenidos por Susana y Juan y su representaci\u00f3n del Taller Municipal de Adultos Mayores.<\/p>\n","protected":false},"excerpt":{"rendered":"<p>Susana Bordet y Juan Colli, representantes del Tejo de Pronunciamiento e integrantes del Taller Municipal de Adultos Mayores, participaron del 7.\u00ba Torneo Anual Libertad, desarrollado en la Rep\u00fablica Oriental del&#8230;<\/p>\n","protected":false},"author":5,"featured_media":14052,"comment_status":"closed","ping_status":"closed","sticky":false,"template":"","format":"standard","meta":{"_kad_post_transparent":"default","_kad_post_title":"default","_kad_post_layout":"default","_kad_post_sidebar_id":"","_kad_post_content_style":"default","_kad_post_vertical_padding":"default","_kad_post_feature":"","_kad_post_feature_position":"","_kad_post_header":false,"_kad_post_footer":false,"_kad_post_classname":"","footnotes":""},"categories":[15,1],"tags":[],"class_list":["post-14051","post","type-post","status-publish","format-standard","has-post-thumbnail","hentry","category-provinciales","category-ultimas-noticias"],"_links":{"self":[{"href":"https:\/\/lavozdetodos.com.ar\/index.php?rest_route=\/wp\/v2\/posts\/14051","targetHints":{"allow":["GET"]}}],"collection":[{"href":"https:\/\/lavozdetodos.com.ar\/index.php?rest_route=\/wp\/v2\/posts"}],"about":[{"href":"https:\/\/lavozdetodos.com.ar\/index.php?rest_route=\/wp\/v2\/types\/post"}],"author":[{"embeddable":true,"href":"https:\/\/lavozdetodos.com.ar\/index.php?rest_route=\/wp\/v2\/users\/5"}],"replies":[{"embeddable":true,"href":"https:\/\/lavozdetodos.com.ar\/index.php?rest_route=%2Fwp%2Fv2%2Fcomments&post=14051"}],"version-history":[{"count":1,"href":"https:\/\/lavozdetodos.com.ar\/index.php?rest_route=\/wp\/v2\/posts\/14051\/revisions"}],"predecessor-version":[{"id":14053,"href":"https:\/\/lavozdetodos.com.ar\/index.php?rest_route=\/wp\/v2\/posts\/14051\/revisions\/14053"}],"wp:featuredmedia":[{"embeddable":true,"href":"https:\/\/lavozdetodos.com.ar\/index.php?rest_route=\/wp\/v2\/media\/14052"}],"wp:attachment":[{"href":"https:\/\/lavozdetodos.com.ar\/index.php?rest_route=%2Fwp%2Fv2%2Fmedia&parent=14051"}],"wp:term":[{"taxonomy":"category","embeddable":true,"href":"https:\/\/lavozdetodos.com.ar\/index.php?rest_route=%2Fwp%2Fv2%2Fcategories&post=14051"},{"taxonomy":"post_tag","embeddable":true,"href":"https:\/\/lavozdetodos.com.ar\/index.php?rest_route=%2Fwp%2Fv2%2Ftags&post=14051"}],"curies":[{"name":"wp","href":"https:\/\/api.w.org\/{rel}","templated":true}]}}