{"id":14054,"date":"2026-08-25T13:46:02","date_gmt":"2026-08-25T16:46:02","guid":{"rendered":"https:\/\/lavozdetodos.com.ar\/?p=14054"},"modified":"2026-09-02T13:47:18","modified_gmt":"2026-09-02T16:47:18","slug":"pronunciamiento-prepara-una-nueva-sesion-del-concejo","status":"publish","type":"post","link":"https:\/\/lavozdetodos.com.ar\/?p=14054","title":{"rendered":"Pronunciamiento prepara una nueva sesi\u00f3n del Concejo"},"content":{"rendered":"<p class=\"isSelectedEnd\">El Honorable Concejo Deliberante de Pronunciamiento llevar\u00e1 adelante este mi\u00e9rcoles 26 de agosto una nueva sesi\u00f3n ordinaria, prevista para las 19:30 horas.<\/p>\n<p>La sesi\u00f3n se desarrollar\u00e1 en la sala Elso Daniel Villaud y contar\u00e1 con transmisi\u00f3n en vivo a trav\u00e9s de Facebook, permitiendo que la comunidad pueda acceder al desarrollo de la jornada de manera abierta.<\/p>\n","protected":false},"excerpt":{"rendered":"<p>El Honorable Concejo Deliberante de Pronunciamiento llevar\u00e1 adelante este mi\u00e9rcoles 26 de agosto una nueva sesi\u00f3n ordinaria, prevista para las 19:30 horas. La sesi\u00f3n se desarrollar\u00e1 en la sala Elso&#8230;<\/p>\n","protected":false},"author":5,"featured_media":14055,"comment_status":"closed","ping_status":"closed","sticky":false,"template":"","format":"standard","meta":{"_kad_post_transparent":"default","_kad_post_title":"default","_kad_post_layout":"default","_kad_post_sidebar_id":"","_kad_post_content_style":"default","_kad_post_vertical_padding":"default","_kad_post_feature":"","_kad_post_feature_position":"","_kad_post_header":false,"_kad_post_footer":false,"_kad_post_classname":"","footnotes":""},"categories":[15,1],"tags":[],"class_list":["post-14054","post","type-post","status-publish","format-standard","has-post-thumbnail","hentry","category-provinciales","category-ultimas-noticias"],"_links":{"self":[{"href":"https:\/\/lavozdetodos.com.ar\/index.php?rest_route=\/wp\/v2\/posts\/14054","targetHints":{"allow":["GET"]}}],"collection":[{"href":"https:\/\/lavozdetodos.com.ar\/index.php?rest_route=\/wp\/v2\/posts"}],"about":[{"href":"https:\/\/lavozdetodos.com.ar\/index.php?rest_route=\/wp\/v2\/types\/post"}],"author":[{"embeddable":true,"href":"https:\/\/lavozdetodos.com.ar\/index.php?rest_route=\/wp\/v2\/users\/5"}],"replies":[{"embeddable":true,"href":"https:\/\/lavozdetodos.com.ar\/index.php?rest_route=%2Fwp%2Fv2%2Fcomments&post=14054"}],"version-history":[{"count":1,"href":"https:\/\/lavozdetodos.com.ar\/index.php?rest_route=\/wp\/v2\/posts\/14054\/revisions"}],"predecessor-version":[{"id":14056,"href":"https:\/\/lavozdetodos.com.ar\/index.php?rest_route=\/wp\/v2\/posts\/14054\/revisions\/14056"}],"wp:featuredmedia":[{"embeddable":true,"href":"https:\/\/lavozdetodos.com.ar\/index.php?rest_route=\/wp\/v2\/media\/14055"}],"wp:attachment":[{"href":"https:\/\/lavozdetodos.com.ar\/index.php?rest_route=%2Fwp%2Fv2%2Fmedia&parent=14054"}],"wp:term":[{"taxonomy":"category","embeddable":true,"href":"https:\/\/lavozdetodos.com.ar\/index.php?rest_route=%2Fwp%2Fv2%2Fcategories&post=14054"},{"taxonomy":"post_tag","embeddable":true,"href":"https:\/\/lavozdetodos.com.ar\/index.php?rest_route=%2Fwp%2Fv2%2Ftags&post=14054"}],"curies":[{"name":"wp","href":"https:\/\/api.w.org\/{rel}","templated":true}]}}