{"id":14057,"date":"2026-08-28T13:48:07","date_gmt":"2026-08-28T16:48:07","guid":{"rendered":"https:\/\/lavozdetodos.com.ar\/?p=14057"},"modified":"2026-09-02T13:49:03","modified_gmt":"2026-09-02T16:49:03","slug":"pronunciamiento-inicio-capacitacion-para-auxiliar-electricista","status":"publish","type":"post","link":"https:\/\/lavozdetodos.com.ar\/?p=14057","title":{"rendered":"Pronunciamiento inici\u00f3 capacitaci\u00f3n para auxiliar electricista"},"content":{"rendered":"<p class=\"isSelectedEnd\">La Municipalidad de Pronunciamiento y la Universidad Aut\u00f3noma de Entre R\u00edos (UADER) pusieron en marcha una nueva capacitaci\u00f3n en oficios denominada \u201cAuxiliar en Instalaciones El\u00e9ctricas Domiciliarias\u201d.<\/p>\n<p class=\"isSelectedEnd\">La primera clase se desarroll\u00f3 este jueves luego del acto de bienvenida y la firma del convenio correspondiente. La propuesta cuenta con 25 alumnos, quienes completaron el cupo previsto para la formaci\u00f3n.<\/p>\n<p class=\"isSelectedEnd\">Durante el inicio de las actividades, el intendente Ricardo Sandoval dio la bienvenida a los participantes y destac\u00f3 la importancia de acercar capacitaciones vinculadas a oficios con salida laboral. Tambi\u00e9n agradeci\u00f3 la predisposici\u00f3n de los representantes de la UADER y suscribi\u00f3 el convenio que permitir\u00e1 desarrollar la propuesta.<\/p>\n<p class=\"isSelectedEnd\">La capacitaci\u00f3n contempla 16 clases presenciales, que se dictar\u00e1n todos los jueves de 19:30 a 21:30 en la Estaci\u00f3n del Ferrocarril de Pronunciamiento.<\/p>\n<p class=\"isSelectedEnd\">La coordinaci\u00f3n est\u00e1 a cargo de Mario Impini y el dictado corresponde al docente Lucas Favre, ambos representantes de la UADER. Esteban Pouler acompa\u00f1a el desarrollo de las actividades pr\u00e1cticas.<\/p>\n<p class=\"isSelectedEnd\">El objetivo es brindar conocimientos t\u00e9cnicos y pr\u00e1cticos en electricidad para que los participantes puedan adquirir herramientas que les permitan desempe\u00f1arse como auxiliares electricistas en instalaciones domiciliarias, atendiendo adem\u00e1s a las necesidades y demandas de la regi\u00f3n.<\/p>\n<p>Del acto inicial tambi\u00e9n participaron Lourdes Pralong, coordinadora del Rectorado de UADER; Guadalupe Villanova, secretaria acad\u00e9mica de UADER; Gerardo Balleretti, director de Cultura y Deportes; la concejala Erika Metrall\u00e9; Valent\u00edn Droz, encargado de la oficina del Parque Industrial; y Abel Dallazuana, quien estuvo a cargo de la presentaci\u00f3n.<\/p>\n","protected":false},"excerpt":{"rendered":"<p>La Municipalidad de Pronunciamiento y la Universidad Aut\u00f3noma de Entre R\u00edos (UADER) pusieron en marcha una nueva capacitaci\u00f3n en oficios denominada \u201cAuxiliar en Instalaciones El\u00e9ctricas Domiciliarias\u201d. La primera clase se&#8230;<\/p>\n","protected":false},"author":5,"featured_media":14058,"comment_status":"closed","ping_status":"closed","sticky":false,"template":"","format":"standard","meta":{"_kad_post_transparent":"default","_kad_post_title":"default","_kad_post_layout":"default","_kad_post_sidebar_id":"","_kad_post_content_style":"default","_kad_post_vertical_padding":"default","_kad_post_feature":"","_kad_post_feature_position":"","_kad_post_header":false,"_kad_post_footer":false,"_kad_post_classname":"","footnotes":""},"categories":[15,1],"tags":[],"class_list":["post-14057","post","type-post","status-publish","format-standard","has-post-thumbnail","hentry","category-provinciales","category-ultimas-noticias"],"_links":{"self":[{"href":"https:\/\/lavozdetodos.com.ar\/index.php?rest_route=\/wp\/v2\/posts\/14057","targetHints":{"allow":["GET"]}}],"collection":[{"href":"https:\/\/lavozdetodos.com.ar\/index.php?rest_route=\/wp\/v2\/posts"}],"about":[{"href":"https:\/\/lavozdetodos.com.ar\/index.php?rest_route=\/wp\/v2\/types\/post"}],"author":[{"embeddable":true,"href":"https:\/\/lavozdetodos.com.ar\/index.php?rest_route=\/wp\/v2\/users\/5"}],"replies":[{"embeddable":true,"href":"https:\/\/lavozdetodos.com.ar\/index.php?rest_route=%2Fwp%2Fv2%2Fcomments&post=14057"}],"version-history":[{"count":1,"href":"https:\/\/lavozdetodos.com.ar\/index.php?rest_route=\/wp\/v2\/posts\/14057\/revisions"}],"predecessor-version":[{"id":14059,"href":"https:\/\/lavozdetodos.com.ar\/index.php?rest_route=\/wp\/v2\/posts\/14057\/revisions\/14059"}],"wp:featuredmedia":[{"embeddable":true,"href":"https:\/\/lavozdetodos.com.ar\/index.php?rest_route=\/wp\/v2\/media\/14058"}],"wp:attachment":[{"href":"https:\/\/lavozdetodos.com.ar\/index.php?rest_route=%2Fwp%2Fv2%2Fmedia&parent=14057"}],"wp:term":[{"taxonomy":"category","embeddable":true,"href":"https:\/\/lavozdetodos.com.ar\/index.php?rest_route=%2Fwp%2Fv2%2Fcategories&post=14057"},{"taxonomy":"post_tag","embeddable":true,"href":"https:\/\/lavozdetodos.com.ar\/index.php?rest_route=%2Fwp%2Fv2%2Ftags&post=14057"}],"curies":[{"name":"wp","href":"https:\/\/api.w.org\/{rel}","templated":true}]}}