{"id":14063,"date":"2026-08-23T13:51:24","date_gmt":"2026-08-23T16:51:24","guid":{"rendered":"https:\/\/lavozdetodos.com.ar\/?p=14063"},"modified":"2026-09-02T13:52:36","modified_gmt":"2026-09-02T16:52:36","slug":"entre-semana-termas-villa-elisa-se-disfruta-de-otra-manera","status":"publish","type":"post","link":"https:\/\/lavozdetodos.com.ar\/?p=14063","title":{"rendered":"Entre semana, Termas Villa Elisa se disfruta de otra manera"},"content":{"rendered":"<p class=\"isSelectedEnd\">Despu\u00e9s de varios d\u00edas de lluvia, volvi\u00f3 el sol. Y con \u00e9l, las ganas de hacer una pausa.<\/p>\n<p class=\"isSelectedEnd\">Si est\u00e1s buscando una escapada termal en Entre R\u00edos, elegir Termas Villa Elisa entre semana tiene un plus: m\u00e1s tranquilidad, m\u00e1s espacio y tiempo para disfrutar del agua termal y la naturaleza, sin apuro.<\/p>\n<p class=\"isSelectedEnd\">Y hay una raz\u00f3n m\u00e1s para elegir esos d\u00edas: <strong>10% OFF en bungalows reservando tu estad\u00eda de domingo a jueves.<\/strong><\/p>\n<p class=\"isSelectedEnd\">Un viaje para descansar, desconectar y volver con las energ\u00edas renovadas.<\/p>\n<p class=\"isSelectedEnd\">\u00bfYa ten\u00e9s pensado cu\u00e1ndo venir?<\/p>\n<p>#TermasVillaElisa #EntreRios #EscapadaTermal #Termas #Bienestar #Naturaleza #Relax<\/p>\n","protected":false},"excerpt":{"rendered":"<p>Despu\u00e9s de varios d\u00edas de lluvia, volvi\u00f3 el sol. Y con \u00e9l, las ganas de hacer una pausa. Si est\u00e1s buscando una escapada termal en Entre R\u00edos, elegir Termas Villa&#8230;<\/p>\n","protected":false},"author":5,"featured_media":14064,"comment_status":"closed","ping_status":"closed","sticky":false,"template":"","format":"standard","meta":{"_kad_post_transparent":"default","_kad_post_title":"default","_kad_post_layout":"default","_kad_post_sidebar_id":"","_kad_post_content_style":"default","_kad_post_vertical_padding":"default","_kad_post_feature":"","_kad_post_feature_position":"","_kad_post_header":false,"_kad_post_footer":false,"_kad_post_classname":"","footnotes":""},"categories":[8,1],"tags":[],"class_list":["post-14063","post","type-post","status-publish","format-standard","has-post-thumbnail","hentry","category-locales","category-ultimas-noticias"],"_links":{"self":[{"href":"https:\/\/lavozdetodos.com.ar\/index.php?rest_route=\/wp\/v2\/posts\/14063","targetHints":{"allow":["GET"]}}],"collection":[{"href":"https:\/\/lavozdetodos.com.ar\/index.php?rest_route=\/wp\/v2\/posts"}],"about":[{"href":"https:\/\/lavozdetodos.com.ar\/index.php?rest_route=\/wp\/v2\/types\/post"}],"author":[{"embeddable":true,"href":"https:\/\/lavozdetodos.com.ar\/index.php?rest_route=\/wp\/v2\/users\/5"}],"replies":[{"embeddable":true,"href":"https:\/\/lavozdetodos.com.ar\/index.php?rest_route=%2Fwp%2Fv2%2Fcomments&post=14063"}],"version-history":[{"count":1,"href":"https:\/\/lavozdetodos.com.ar\/index.php?rest_route=\/wp\/v2\/posts\/14063\/revisions"}],"predecessor-version":[{"id":14065,"href":"https:\/\/lavozdetodos.com.ar\/index.php?rest_route=\/wp\/v2\/posts\/14063\/revisions\/14065"}],"wp:featuredmedia":[{"embeddable":true,"href":"https:\/\/lavozdetodos.com.ar\/index.php?rest_route=\/wp\/v2\/media\/14064"}],"wp:attachment":[{"href":"https:\/\/lavozdetodos.com.ar\/index.php?rest_route=%2Fwp%2Fv2%2Fmedia&parent=14063"}],"wp:term":[{"taxonomy":"category","embeddable":true,"href":"https:\/\/lavozdetodos.com.ar\/index.php?rest_route=%2Fwp%2Fv2%2Fcategories&post=14063"},{"taxonomy":"post_tag","embeddable":true,"href":"https:\/\/lavozdetodos.com.ar\/index.php?rest_route=%2Fwp%2Fv2%2Ftags&post=14063"}],"curies":[{"name":"wp","href":"https:\/\/api.w.org\/{rel}","templated":true}]}}