{"id":14066,"date":"2026-08-20T13:52:42","date_gmt":"2026-08-20T16:52:42","guid":{"rendered":"https:\/\/lavozdetodos.com.ar\/?p=14066"},"modified":"2026-09-02T13:54:29","modified_gmt":"2026-09-02T16:54:29","slug":"todavia-estas-a-tiempo-de-disfrutar-el-mes-de-las-infancias-en-termas-villa-elisa","status":"publish","type":"post","link":"https:\/\/lavozdetodos.com.ar\/?p=14066","title":{"rendered":"Todav\u00eda est\u00e1s a tiempo de disfrutar el Mes de las Infancias en Termas Villa Elisa"},"content":{"rendered":"<p class=\"isSelectedEnd\">El fin de semana puede ser una gran oportunidad para disfrutar un d\u00eda diferente en familia o con amigos, rodeados de naturaleza, agua termal y momentos para compartir.<\/p>\n<p class=\"isSelectedEnd\">Durante agosto, los chicos de hasta 12 a\u00f1os ingresan sin cargo a Termas Villa Elisa.<\/p>\n<p class=\"isSelectedEnd\">Los menores deben estar siempre acompa\u00f1ados por un adulto.<\/p>\n<p class=\"isSelectedEnd\">Una propuesta ideal para aprovechar los \u00faltimos d\u00edas del Mes de las Infancias y disfrutar juntos de una jornada de relax y diversi\u00f3n.<\/p>\n<p class=\"isSelectedEnd\">M\u00e1s informaci\u00f3n y condiciones en la web oficial de Termas Villa Elisa.<\/p>\n<p><span class=\"html-span xdj266r x14z9mp xat24cr x1lziwak xexx8yu xyri2b x18d9i69 x1c1uobl x1hl2dhg x16tdsg8 x1vvkbs\"><a class=\"x1i10hfl xjbqb8w x1ejq31n x18oe1m7 x1sy0etr xstzfhl x972fbf x10w94by x1qhh985 x14e42zd x9f619 x1ypdohk xt0psk2 x3ct3a4 xdj266r x14z9mp xat24cr x1lziwak xexx8yu xyri2b x18d9i69 x1c1uobl x16tdsg8 x1hl2dhg xggy1nq x1a2a7pz xkrqix3 x1sur9pj x1fey0fg x1s688f\" tabindex=\"0\" role=\"link\" href=\"https:\/\/l.facebook.com\/l.php?u=https%3A%2F%2Ftermasvillaelisa.com%2Fpromo-mes-de-las-infancias%2F%3Ffbclid%3DIwcGRvZgFleHRuA2FlbQIxMABicmlkETFwTVdRdjB4TXdsR2xBdVFzc3J0YwZhcHBfaWQQMjIyMDM5MTc4ODIwMDg5MgABHhr6G2cCXCRYvWCG6KRg0P5VT9DU0lj2MNzc1EpkvKqrV08-VCzAva2pLixf_aem_m50RmrJH5Cq0qIsKOXUBSw&amp;h=AUDV8qKau0CoR9otmlBY7kB4e2ytBVAn54LakCvEA19vHjYpWaDYKCuu9kzsH41i9fqAjkxx6VsEq1SdMrzUTYOx2q7kamOmjvVDWON860sTovfA24sfc6M9tISSD_XGp-pRMMVP8piog8yD&amp;__tn__=-UK-R&amp;c[0]=AUDmdowCICFwO-6UctU5KSGPltdtkuzcITIOTgil2tXr6zcMqgzNm5GDOWqLhgB1GGZUZWcc82J9CYPpxZxR0EefDKbNUYbDPNzNCHxXPHTK0vuG3vliXiIXIl44rg7yAv4Try94DMjk4pyahNVYb0c8RuL3lL_qq6hzZTfeSg\" target=\"_blank\" rel=\"nofollow noopener noreferrer\">https:\/\/termasvillaelisa.com\/promo-mes-de-las-infancias\/<\/a><\/span><\/p>\n<div><\/div>\n<p>#TermasVillaElisa #MesDeLasInfancias #EntreRios #Familia #Termas #Escapada<\/p>\n","protected":false},"excerpt":{"rendered":"<p>El fin de semana puede ser una gran oportunidad para disfrutar un d\u00eda diferente en familia o con amigos, rodeados de naturaleza, agua termal y momentos para compartir. Durante agosto,&#8230;<\/p>\n","protected":false},"author":5,"featured_media":14067,"comment_status":"closed","ping_status":"closed","sticky":false,"template":"","format":"standard","meta":{"_kad_post_transparent":"default","_kad_post_title":"default","_kad_post_layout":"default","_kad_post_sidebar_id":"","_kad_post_content_style":"default","_kad_post_vertical_padding":"default","_kad_post_feature":"","_kad_post_feature_position":"","_kad_post_header":false,"_kad_post_footer":false,"_kad_post_classname":"","footnotes":""},"categories":[8,1],"tags":[],"class_list":["post-14066","post","type-post","status-publish","format-standard","has-post-thumbnail","hentry","category-locales","category-ultimas-noticias"],"_links":{"self":[{"href":"https:\/\/lavozdetodos.com.ar\/index.php?rest_route=\/wp\/v2\/posts\/14066","targetHints":{"allow":["GET"]}}],"collection":[{"href":"https:\/\/lavozdetodos.com.ar\/index.php?rest_route=\/wp\/v2\/posts"}],"about":[{"href":"https:\/\/lavozdetodos.com.ar\/index.php?rest_route=\/wp\/v2\/types\/post"}],"author":[{"embeddable":true,"href":"https:\/\/lavozdetodos.com.ar\/index.php?rest_route=\/wp\/v2\/users\/5"}],"replies":[{"embeddable":true,"href":"https:\/\/lavozdetodos.com.ar\/index.php?rest_route=%2Fwp%2Fv2%2Fcomments&post=14066"}],"version-history":[{"count":1,"href":"https:\/\/lavozdetodos.com.ar\/index.php?rest_route=\/wp\/v2\/posts\/14066\/revisions"}],"predecessor-version":[{"id":14068,"href":"https:\/\/lavozdetodos.com.ar\/index.php?rest_route=\/wp\/v2\/posts\/14066\/revisions\/14068"}],"wp:featuredmedia":[{"embeddable":true,"href":"https:\/\/lavozdetodos.com.ar\/index.php?rest_route=\/wp\/v2\/media\/14067"}],"wp:attachment":[{"href":"https:\/\/lavozdetodos.com.ar\/index.php?rest_route=%2Fwp%2Fv2%2Fmedia&parent=14066"}],"wp:term":[{"taxonomy":"category","embeddable":true,"href":"https:\/\/lavozdetodos.com.ar\/index.php?rest_route=%2Fwp%2Fv2%2Fcategories&post=14066"},{"taxonomy":"post_tag","embeddable":true,"href":"https:\/\/lavozdetodos.com.ar\/index.php?rest_route=%2Fwp%2Fv2%2Ftags&post=14066"}],"curies":[{"name":"wp","href":"https:\/\/api.w.org\/{rel}","templated":true}]}}