{"id":14069,"date":"2026-08-16T13:54:33","date_gmt":"2026-08-16T16:54:33","guid":{"rendered":"https:\/\/lavozdetodos.com.ar\/?p=14069"},"modified":"2026-09-02T13:55:39","modified_gmt":"2026-09-02T16:55:39","slug":"que-hace-tan-especial-al-agua-de-termas-villa-elisa","status":"publish","type":"post","link":"https:\/\/lavozdetodos.com.ar\/?p=14069","title":{"rendered":"\u00bfQu\u00e9 hace tan especial al agua de Termas Villa Elisa?"},"content":{"rendered":"<p class=\"isSelectedEnd\">El agua termal de Termas Villa Elisa es salada y de fuerte mineralizaci\u00f3n, una caracter\u00edstica que la diferencia y que forma parte de la experiencia de quienes visitan el complejo.<\/p>\n<p class=\"isSelectedEnd\">Su composici\u00f3n incluye minerales como sodio, magnesio, calcio, cloruros y sulfatos, presentes naturalmente en el agua termal.<\/p>\n<p class=\"isSelectedEnd\">El sodio y el magnesio est\u00e1n asociados a la relajaci\u00f3n muscular, mientras que el calcio participa en el funcionamiento normal de m\u00fasculos y articulaciones. Los cloruros y sulfatos forman parte de la composici\u00f3n mineral que caracteriza a esta agua.<\/p>\n<p class=\"isSelectedEnd\">Una experiencia termal para disfrutar, relajarse y descubrir las particularidades del agua de Termas Villa Elisa.<\/p>\n<p>Ven\u00ed a conocer todo lo que Termas tiene para ofrecerte.<\/p>\n","protected":false},"excerpt":{"rendered":"<p>El agua termal de Termas Villa Elisa es salada y de fuerte mineralizaci\u00f3n, una caracter\u00edstica que la diferencia y que forma parte de la experiencia de quienes visitan el complejo&#8230;.<\/p>\n","protected":false},"author":5,"featured_media":14070,"comment_status":"closed","ping_status":"closed","sticky":false,"template":"","format":"standard","meta":{"_kad_post_transparent":"default","_kad_post_title":"default","_kad_post_layout":"default","_kad_post_sidebar_id":"","_kad_post_content_style":"default","_kad_post_vertical_padding":"default","_kad_post_feature":"","_kad_post_feature_position":"","_kad_post_header":false,"_kad_post_footer":false,"_kad_post_classname":"","footnotes":""},"categories":[8,1],"tags":[],"class_list":["post-14069","post","type-post","status-publish","format-standard","has-post-thumbnail","hentry","category-locales","category-ultimas-noticias"],"_links":{"self":[{"href":"https:\/\/lavozdetodos.com.ar\/index.php?rest_route=\/wp\/v2\/posts\/14069","targetHints":{"allow":["GET"]}}],"collection":[{"href":"https:\/\/lavozdetodos.com.ar\/index.php?rest_route=\/wp\/v2\/posts"}],"about":[{"href":"https:\/\/lavozdetodos.com.ar\/index.php?rest_route=\/wp\/v2\/types\/post"}],"author":[{"embeddable":true,"href":"https:\/\/lavozdetodos.com.ar\/index.php?rest_route=\/wp\/v2\/users\/5"}],"replies":[{"embeddable":true,"href":"https:\/\/lavozdetodos.com.ar\/index.php?rest_route=%2Fwp%2Fv2%2Fcomments&post=14069"}],"version-history":[{"count":1,"href":"https:\/\/lavozdetodos.com.ar\/index.php?rest_route=\/wp\/v2\/posts\/14069\/revisions"}],"predecessor-version":[{"id":14071,"href":"https:\/\/lavozdetodos.com.ar\/index.php?rest_route=\/wp\/v2\/posts\/14069\/revisions\/14071"}],"wp:featuredmedia":[{"embeddable":true,"href":"https:\/\/lavozdetodos.com.ar\/index.php?rest_route=\/wp\/v2\/media\/14070"}],"wp:attachment":[{"href":"https:\/\/lavozdetodos.com.ar\/index.php?rest_route=%2Fwp%2Fv2%2Fmedia&parent=14069"}],"wp:term":[{"taxonomy":"category","embeddable":true,"href":"https:\/\/lavozdetodos.com.ar\/index.php?rest_route=%2Fwp%2Fv2%2Fcategories&post=14069"},{"taxonomy":"post_tag","embeddable":true,"href":"https:\/\/lavozdetodos.com.ar\/index.php?rest_route=%2Fwp%2Fv2%2Ftags&post=14069"}],"curies":[{"name":"wp","href":"https:\/\/api.w.org\/{rel}","templated":true}]}}