{"id":14072,"date":"2026-08-09T13:55:45","date_gmt":"2026-08-09T16:55:45","guid":{"rendered":"https:\/\/lavozdetodos.com.ar\/?p=14072"},"modified":"2026-09-02T13:57:37","modified_gmt":"2026-09-02T16:57:37","slug":"el-mejor-regalo-es-el-que-se-elige-con-carino-en-termas-villa-elisa","status":"publish","type":"post","link":"https:\/\/lavozdetodos.com.ar\/?p=14072","title":{"rendered":"El mejor regalo es el que se elige con cari\u00f1o en Termas Villa Elisa"},"content":{"rendered":"<p class=\"isSelectedEnd\">Si durante tu visita a Termas Villa Elisa todav\u00eda est\u00e1s buscando un regalo para el Mes de las Infancias, en Greta Alba Indumentaria pod\u00e9s encontrar opciones para todas las edades.<\/p>\n<p class=\"isSelectedEnd\">Indumentaria, accesorios y diferentes alternativas para elegir ese detalle especial que puede sorprender a los m\u00e1s chicos.<\/p>\n<p class=\"isSelectedEnd\">Antes de regresar a casa, una visita a Greta Alba puede ser una buena oportunidad para llevarte un regalo para ellos\u2026 o para vos.<\/p>\n<p><img fetchpriority=\"high\" decoding=\"async\" class=\"alignnone size-medium wp-image-14073\" src=\"https:\/\/lavozdetodos.com.ar\/wp-content\/uploads\/2026\/09\/762937900_1500304688807053_135071539553179250_n-240x300.jpg\" alt=\"\" width=\"240\" height=\"300\" srcset=\"https:\/\/lavozdetodos.com.ar\/wp-content\/uploads\/2026\/09\/762937900_1500304688807053_135071539553179250_n-240x300.jpg 240w, https:\/\/lavozdetodos.com.ar\/wp-content\/uploads\/2026\/09\/762937900_1500304688807053_135071539553179250_n-640x800.jpg 640w, https:\/\/lavozdetodos.com.ar\/wp-content\/uploads\/2026\/09\/762937900_1500304688807053_135071539553179250_n-768x960.jpg 768w, https:\/\/lavozdetodos.com.ar\/wp-content\/uploads\/2026\/09\/762937900_1500304688807053_135071539553179250_n-1229x1536.jpg 1229w, https:\/\/lavozdetodos.com.ar\/wp-content\/uploads\/2026\/09\/762937900_1500304688807053_135071539553179250_n.jpg 1638w\" sizes=\"(max-width: 240px) 100vw, 240px\" \/><\/p>\n<p>#TermasVillaElisa #MesDeLasInfancias #Indumentaria #VillaElisaEntreRios<\/p>\n","protected":false},"excerpt":{"rendered":"<p>Si durante tu visita a Termas Villa Elisa todav\u00eda est\u00e1s buscando un regalo para el Mes de las Infancias, en Greta Alba Indumentaria pod\u00e9s encontrar opciones para todas las edades&#8230;.<\/p>\n","protected":false},"author":5,"featured_media":14074,"comment_status":"closed","ping_status":"closed","sticky":false,"template":"","format":"standard","meta":{"_kad_post_transparent":"default","_kad_post_title":"default","_kad_post_layout":"default","_kad_post_sidebar_id":"","_kad_post_content_style":"default","_kad_post_vertical_padding":"default","_kad_post_feature":"","_kad_post_feature_position":"","_kad_post_header":false,"_kad_post_footer":false,"_kad_post_classname":"","footnotes":""},"categories":[8,1],"tags":[],"class_list":["post-14072","post","type-post","status-publish","format-standard","has-post-thumbnail","hentry","category-locales","category-ultimas-noticias"],"_links":{"self":[{"href":"https:\/\/lavozdetodos.com.ar\/index.php?rest_route=\/wp\/v2\/posts\/14072","targetHints":{"allow":["GET"]}}],"collection":[{"href":"https:\/\/lavozdetodos.com.ar\/index.php?rest_route=\/wp\/v2\/posts"}],"about":[{"href":"https:\/\/lavozdetodos.com.ar\/index.php?rest_route=\/wp\/v2\/types\/post"}],"author":[{"embeddable":true,"href":"https:\/\/lavozdetodos.com.ar\/index.php?rest_route=\/wp\/v2\/users\/5"}],"replies":[{"embeddable":true,"href":"https:\/\/lavozdetodos.com.ar\/index.php?rest_route=%2Fwp%2Fv2%2Fcomments&post=14072"}],"version-history":[{"count":1,"href":"https:\/\/lavozdetodos.com.ar\/index.php?rest_route=\/wp\/v2\/posts\/14072\/revisions"}],"predecessor-version":[{"id":14075,"href":"https:\/\/lavozdetodos.com.ar\/index.php?rest_route=\/wp\/v2\/posts\/14072\/revisions\/14075"}],"wp:featuredmedia":[{"embeddable":true,"href":"https:\/\/lavozdetodos.com.ar\/index.php?rest_route=\/wp\/v2\/media\/14074"}],"wp:attachment":[{"href":"https:\/\/lavozdetodos.com.ar\/index.php?rest_route=%2Fwp%2Fv2%2Fmedia&parent=14072"}],"wp:term":[{"taxonomy":"category","embeddable":true,"href":"https:\/\/lavozdetodos.com.ar\/index.php?rest_route=%2Fwp%2Fv2%2Fcategories&post=14072"},{"taxonomy":"post_tag","embeddable":true,"href":"https:\/\/lavozdetodos.com.ar\/index.php?rest_route=%2Fwp%2Fv2%2Ftags&post=14072"}],"curies":[{"name":"wp","href":"https:\/\/api.w.org\/{rel}","templated":true}]}}