{"id":14083,"date":"2026-09-02T16:35:32","date_gmt":"2026-09-02T19:35:32","guid":{"rendered":"https:\/\/lavozdetodos.com.ar\/?p=14083"},"modified":"2026-09-02T16:35:32","modified_gmt":"2026-09-02T19:35:32","slug":"villa-elisa-nuevas-fechas-para-tramitar-el-cmo","status":"publish","type":"post","link":"https:\/\/lavozdetodos.com.ar\/?p=14083","title":{"rendered":"Villa Elisa: nuevas fechas para tramitar el CMO"},"content":{"rendered":"<p class=\"isSelectedEnd\">Durante septiembre se habilitar\u00e1n dos nuevas jornadas para gestionar el <strong>Certificado M\u00e9dico Oficial (CMO)<\/strong> en Villa Elisa.<\/p>\n<p class=\"isSelectedEnd\">La atenci\u00f3n se realizar\u00e1 los <strong>viernes 11 y 25 de septiembre<\/strong>, a partir de las <strong>15:00<\/strong>, en el <strong>Hospital San Roque<\/strong>. El tr\u00e1mite estar\u00e1 a cargo del <strong>Dr. Miguel Brun<\/strong> y requerir\u00e1 turno previo.<\/p>\n<p class=\"isSelectedEnd\">Las personas interesadas podr\u00e1n solicitar su turno acerc\u00e1ndose a la <strong>Oficina del \u00c1rea de Discapacidad<\/strong>, ubicada en el Centro Integral Manos Amigas, sobre <strong>Javier Kutel 1515<\/strong>, o comunic\u00e1ndose al <strong>3447 647408<\/strong>.<\/p>\n<p>El Certificado M\u00e9dico Oficial es uno de los documentos necesarios para quienes deben iniciar el tr\u00e1mite de una <strong>pensi\u00f3n por invalidez<\/strong>.<\/p>\n","protected":false},"excerpt":{"rendered":"<p>Durante septiembre se habilitar\u00e1n dos nuevas jornadas para gestionar el Certificado M\u00e9dico Oficial (CMO) en Villa Elisa. La atenci\u00f3n se realizar\u00e1 los viernes 11 y 25 de septiembre, a partir&#8230;<\/p>\n","protected":false},"author":5,"featured_media":14084,"comment_status":"closed","ping_status":"closed","sticky":false,"template":"","format":"standard","meta":{"_kad_post_transparent":"default","_kad_post_title":"default","_kad_post_layout":"default","_kad_post_sidebar_id":"","_kad_post_content_style":"default","_kad_post_vertical_padding":"default","_kad_post_feature":"","_kad_post_feature_position":"","_kad_post_header":false,"_kad_post_footer":false,"_kad_post_classname":"","footnotes":""},"categories":[8,1],"tags":[],"class_list":["post-14083","post","type-post","status-publish","format-standard","has-post-thumbnail","hentry","category-locales","category-ultimas-noticias"],"_links":{"self":[{"href":"https:\/\/lavozdetodos.com.ar\/index.php?rest_route=\/wp\/v2\/posts\/14083","targetHints":{"allow":["GET"]}}],"collection":[{"href":"https:\/\/lavozdetodos.com.ar\/index.php?rest_route=\/wp\/v2\/posts"}],"about":[{"href":"https:\/\/lavozdetodos.com.ar\/index.php?rest_route=\/wp\/v2\/types\/post"}],"author":[{"embeddable":true,"href":"https:\/\/lavozdetodos.com.ar\/index.php?rest_route=\/wp\/v2\/users\/5"}],"replies":[{"embeddable":true,"href":"https:\/\/lavozdetodos.com.ar\/index.php?rest_route=%2Fwp%2Fv2%2Fcomments&post=14083"}],"version-history":[{"count":1,"href":"https:\/\/lavozdetodos.com.ar\/index.php?rest_route=\/wp\/v2\/posts\/14083\/revisions"}],"predecessor-version":[{"id":14085,"href":"https:\/\/lavozdetodos.com.ar\/index.php?rest_route=\/wp\/v2\/posts\/14083\/revisions\/14085"}],"wp:featuredmedia":[{"embeddable":true,"href":"https:\/\/lavozdetodos.com.ar\/index.php?rest_route=\/wp\/v2\/media\/14084"}],"wp:attachment":[{"href":"https:\/\/lavozdetodos.com.ar\/index.php?rest_route=%2Fwp%2Fv2%2Fmedia&parent=14083"}],"wp:term":[{"taxonomy":"category","embeddable":true,"href":"https:\/\/lavozdetodos.com.ar\/index.php?rest_route=%2Fwp%2Fv2%2Fcategories&post=14083"},{"taxonomy":"post_tag","embeddable":true,"href":"https:\/\/lavozdetodos.com.ar\/index.php?rest_route=%2Fwp%2Fv2%2Ftags&post=14083"}],"curies":[{"name":"wp","href":"https:\/\/api.w.org\/{rel}","templated":true}]}}