{"id":14086,"date":"2026-09-02T16:36:39","date_gmt":"2026-09-02T19:36:39","guid":{"rendered":"https:\/\/lavozdetodos.com.ar\/?p=14086"},"modified":"2026-09-02T16:36:39","modified_gmt":"2026-09-02T19:36:39","slug":"san-jose-presenta-el-verano-mas-largo-de-entre-rios","status":"publish","type":"post","link":"https:\/\/lavozdetodos.com.ar\/?p=14086","title":{"rendered":"San Jos\u00e9 presenta \u201cEl Verano M\u00e1s Largo de Entre R\u00edos\u201d"},"content":{"rendered":"<p class=\"isSelectedEnd\">Este viernes 4 de septiembre, a las <strong>10:00 horas<\/strong>, se realizar\u00e1 una conferencia de prensa en <strong>Termas San Jos\u00e9<\/strong> para presentar oficialmente la propuesta <strong>\u201cEl Verano M\u00e1s Largo de Entre R\u00edos\u201d<\/strong> y las acciones previstas para acompa\u00f1ar la nueva temporada tur\u00edstica.<\/p>\n<p class=\"isSelectedEnd\">La iniciativa busca promover nuevas experiencias para visitantes y residentes, adem\u00e1s de continuar fortaleciendo el posicionamiento de <strong>San Jos\u00e9 como destino tur\u00edstico<\/strong>.<\/p>\n<p>La presentaci\u00f3n tendr\u00e1 lugar en <strong>Termas San Jos\u00e9<\/strong>, este viernes 4 de septiembre a partir de las <strong>10:00 horas<\/strong>.<\/p>\n","protected":false},"excerpt":{"rendered":"<p>Este viernes 4 de septiembre, a las 10:00 horas, se realizar\u00e1 una conferencia de prensa en Termas San Jos\u00e9 para presentar oficialmente la propuesta \u201cEl Verano M\u00e1s Largo de Entre&#8230;<\/p>\n","protected":false},"author":5,"featured_media":14087,"comment_status":"closed","ping_status":"closed","sticky":false,"template":"","format":"standard","meta":{"_kad_post_transparent":"default","_kad_post_title":"default","_kad_post_layout":"default","_kad_post_sidebar_id":"","_kad_post_content_style":"default","_kad_post_vertical_padding":"default","_kad_post_feature":"","_kad_post_feature_position":"","_kad_post_header":false,"_kad_post_footer":false,"_kad_post_classname":"","footnotes":""},"categories":[8,1],"tags":[],"class_list":["post-14086","post","type-post","status-publish","format-standard","has-post-thumbnail","hentry","category-locales","category-ultimas-noticias"],"_links":{"self":[{"href":"https:\/\/lavozdetodos.com.ar\/index.php?rest_route=\/wp\/v2\/posts\/14086","targetHints":{"allow":["GET"]}}],"collection":[{"href":"https:\/\/lavozdetodos.com.ar\/index.php?rest_route=\/wp\/v2\/posts"}],"about":[{"href":"https:\/\/lavozdetodos.com.ar\/index.php?rest_route=\/wp\/v2\/types\/post"}],"author":[{"embeddable":true,"href":"https:\/\/lavozdetodos.com.ar\/index.php?rest_route=\/wp\/v2\/users\/5"}],"replies":[{"embeddable":true,"href":"https:\/\/lavozdetodos.com.ar\/index.php?rest_route=%2Fwp%2Fv2%2Fcomments&post=14086"}],"version-history":[{"count":1,"href":"https:\/\/lavozdetodos.com.ar\/index.php?rest_route=\/wp\/v2\/posts\/14086\/revisions"}],"predecessor-version":[{"id":14088,"href":"https:\/\/lavozdetodos.com.ar\/index.php?rest_route=\/wp\/v2\/posts\/14086\/revisions\/14088"}],"wp:featuredmedia":[{"embeddable":true,"href":"https:\/\/lavozdetodos.com.ar\/index.php?rest_route=\/wp\/v2\/media\/14087"}],"wp:attachment":[{"href":"https:\/\/lavozdetodos.com.ar\/index.php?rest_route=%2Fwp%2Fv2%2Fmedia&parent=14086"}],"wp:term":[{"taxonomy":"category","embeddable":true,"href":"https:\/\/lavozdetodos.com.ar\/index.php?rest_route=%2Fwp%2Fv2%2Fcategories&post=14086"},{"taxonomy":"post_tag","embeddable":true,"href":"https:\/\/lavozdetodos.com.ar\/index.php?rest_route=%2Fwp%2Fv2%2Ftags&post=14086"}],"curies":[{"name":"wp","href":"https:\/\/api.w.org\/{rel}","templated":true}]}}