{"id":14089,"date":"2026-09-02T16:37:42","date_gmt":"2026-09-02T19:37:42","guid":{"rendered":"https:\/\/lavozdetodos.com.ar\/?p=14089"},"modified":"2026-09-02T16:37:42","modified_gmt":"2026-09-02T19:37:42","slug":"san-jose-celebra-la-13-a-edicion-de-conciertos-corales","status":"publish","type":"post","link":"https:\/\/lavozdetodos.com.ar\/?p=14089","title":{"rendered":"San Jos\u00e9 celebra la 13.\u00aa edici\u00f3n de conciertos corales"},"content":{"rendered":"<p class=\"isSelectedEnd\">San Jos\u00e9 se prepara para vivir una nueva edici\u00f3n del <strong>Ciclo de Conciertos Corales<\/strong>, una propuesta cultural que reunir\u00e1 distintas agrupaciones durante dos jornadas para celebrar la m\u00fasica, las voces y el canto compartido.<\/p>\n<p class=\"isSelectedEnd\">El primer encuentro ser\u00e1 el <strong>viernes 11 de septiembre, a las 20:00 horas<\/strong>, en la <strong>Capilla San Tarcisio del barrio El Brillante<\/strong>. All\u00ed se presentar\u00e1n <strong>Allegra Comunidad Coral<\/strong>, bajo la direcci\u00f3n de Macarena G\u00f3mez Delgado y con guitarra de Nahuel Colombo, y el <strong>Coro de C\u00e1mara de la Municipalidad de Almirante Brown<\/strong>, de Buenos Aires, dirigido por Carlos Cunioli.<\/p>\n<p class=\"isSelectedEnd\">La segunda jornada tendr\u00e1 lugar el <strong>s\u00e1bado 12 de septiembre, a las 20:30 horas<\/strong>, en la <strong>Casa del Bicentenario de San Jos\u00e9<\/strong>. Participar\u00e1n el <strong>Coro Municipal de Ni\u00f1as y Ni\u00f1os de San Jos\u00e9<\/strong>, dirigido por Macarena G\u00f3mez Delgado con asistencia de direcci\u00f3n de Nahuel Colombo; el <strong>Coro Juvenil Escolar de San Jos\u00e9<\/strong>, tambi\u00e9n dirigido por G\u00f3mez Delgado; y nuevamente el <strong>Coro de C\u00e1mara de la Municipalidad de Almirante Brown<\/strong>.<\/p>\n<p>La propuesta invita a vecinos y visitantes a disfrutar de dos noches dedicadas a la m\u00fasica coral y a celebrar el trabajo de quienes encuentran en el canto una forma de expresi\u00f3n, encuentro y uni\u00f3n cultural.<\/p>\n","protected":false},"excerpt":{"rendered":"<p>San Jos\u00e9 se prepara para vivir una nueva edici\u00f3n del Ciclo de Conciertos Corales, una propuesta cultural que reunir\u00e1 distintas agrupaciones durante dos jornadas para celebrar la m\u00fasica, las voces&#8230;<\/p>\n","protected":false},"author":5,"featured_media":14090,"comment_status":"closed","ping_status":"closed","sticky":false,"template":"","format":"standard","meta":{"_kad_post_transparent":"default","_kad_post_title":"default","_kad_post_layout":"default","_kad_post_sidebar_id":"","_kad_post_content_style":"default","_kad_post_vertical_padding":"default","_kad_post_feature":"","_kad_post_feature_position":"","_kad_post_header":false,"_kad_post_footer":false,"_kad_post_classname":"","footnotes":""},"categories":[8,1],"tags":[],"class_list":["post-14089","post","type-post","status-publish","format-standard","has-post-thumbnail","hentry","category-locales","category-ultimas-noticias"],"_links":{"self":[{"href":"https:\/\/lavozdetodos.com.ar\/index.php?rest_route=\/wp\/v2\/posts\/14089","targetHints":{"allow":["GET"]}}],"collection":[{"href":"https:\/\/lavozdetodos.com.ar\/index.php?rest_route=\/wp\/v2\/posts"}],"about":[{"href":"https:\/\/lavozdetodos.com.ar\/index.php?rest_route=\/wp\/v2\/types\/post"}],"author":[{"embeddable":true,"href":"https:\/\/lavozdetodos.com.ar\/index.php?rest_route=\/wp\/v2\/users\/5"}],"replies":[{"embeddable":true,"href":"https:\/\/lavozdetodos.com.ar\/index.php?rest_route=%2Fwp%2Fv2%2Fcomments&post=14089"}],"version-history":[{"count":1,"href":"https:\/\/lavozdetodos.com.ar\/index.php?rest_route=\/wp\/v2\/posts\/14089\/revisions"}],"predecessor-version":[{"id":14091,"href":"https:\/\/lavozdetodos.com.ar\/index.php?rest_route=\/wp\/v2\/posts\/14089\/revisions\/14091"}],"wp:featuredmedia":[{"embeddable":true,"href":"https:\/\/lavozdetodos.com.ar\/index.php?rest_route=\/wp\/v2\/media\/14090"}],"wp:attachment":[{"href":"https:\/\/lavozdetodos.com.ar\/index.php?rest_route=%2Fwp%2Fv2%2Fmedia&parent=14089"}],"wp:term":[{"taxonomy":"category","embeddable":true,"href":"https:\/\/lavozdetodos.com.ar\/index.php?rest_route=%2Fwp%2Fv2%2Fcategories&post=14089"},{"taxonomy":"post_tag","embeddable":true,"href":"https:\/\/lavozdetodos.com.ar\/index.php?rest_route=%2Fwp%2Fv2%2Ftags&post=14089"}],"curies":[{"name":"wp","href":"https:\/\/api.w.org\/{rel}","templated":true}]}}