{"id":14092,"date":"2026-09-02T16:38:53","date_gmt":"2026-09-02T19:38:53","guid":{"rendered":"https:\/\/lavozdetodos.com.ar\/?p=14092"},"modified":"2026-09-02T16:38:53","modified_gmt":"2026-09-02T19:38:53","slug":"pronunciamiento-sandoval-recibio-a-directivos-de-escuela","status":"publish","type":"post","link":"https:\/\/lavozdetodos.com.ar\/?p=14092","title":{"rendered":"Pronunciamiento: Sandoval recibi\u00f3 a directivos de escuela"},"content":{"rendered":"<p class=\"isSelectedEnd\">El intendente de <strong>Pronunciamiento, Ricardo Sandoval<\/strong>, recibi\u00f3 este mi\u00e9rcoles en el edificio municipal a representantes de la <strong>Escuela Primaria N.\u00ba 13 Diego Fern\u00e1ndez Espiro<\/strong>, a partir de una solicitud realizada por los directivos de la instituci\u00f3n.<\/p>\n<p class=\"isSelectedEnd\">Del encuentro participaron la directora <strong>Griselda Gonz\u00e1lez<\/strong>, el secretario <strong>Alejandro Ledesma<\/strong> y la maestra orientadora <strong>Camila Bustos<\/strong>, quienes plantearon distintas cuestiones vinculadas con la situaci\u00f3n actual de la escuela y acercaron una serie de necesidades para su consideraci\u00f3n.<\/p>\n<p class=\"isSelectedEnd\">Desde la <strong>Municipalidad de Pronunciamiento<\/strong> expresaron su predisposici\u00f3n para acompa\u00f1ar y colaborar, dentro de las posibilidades del Municipio, ante las inquietudes planteadas y evaluar posibles respuestas.<\/p>\n<p>El encuentro permiti\u00f3 fortalecer el di\u00e1logo entre la instituci\u00f3n educativa y el gobierno local, con el objetivo de avanzar en acciones que contribuyan a la comunidad educativa y a todo Pronunciamiento.<\/p>\n","protected":false},"excerpt":{"rendered":"<p>El intendente de Pronunciamiento, Ricardo Sandoval, recibi\u00f3 este mi\u00e9rcoles en el edificio municipal a representantes de la Escuela Primaria N.\u00ba 13 Diego Fern\u00e1ndez Espiro, a partir de una solicitud realizada&#8230;<\/p>\n","protected":false},"author":5,"featured_media":14093,"comment_status":"closed","ping_status":"closed","sticky":false,"template":"","format":"standard","meta":{"_kad_post_transparent":"default","_kad_post_title":"default","_kad_post_layout":"default","_kad_post_sidebar_id":"","_kad_post_content_style":"default","_kad_post_vertical_padding":"default","_kad_post_feature":"","_kad_post_feature_position":"","_kad_post_header":false,"_kad_post_footer":false,"_kad_post_classname":"","footnotes":""},"categories":[15,1],"tags":[],"class_list":["post-14092","post","type-post","status-publish","format-standard","has-post-thumbnail","hentry","category-provinciales","category-ultimas-noticias"],"_links":{"self":[{"href":"https:\/\/lavozdetodos.com.ar\/index.php?rest_route=\/wp\/v2\/posts\/14092","targetHints":{"allow":["GET"]}}],"collection":[{"href":"https:\/\/lavozdetodos.com.ar\/index.php?rest_route=\/wp\/v2\/posts"}],"about":[{"href":"https:\/\/lavozdetodos.com.ar\/index.php?rest_route=\/wp\/v2\/types\/post"}],"author":[{"embeddable":true,"href":"https:\/\/lavozdetodos.com.ar\/index.php?rest_route=\/wp\/v2\/users\/5"}],"replies":[{"embeddable":true,"href":"https:\/\/lavozdetodos.com.ar\/index.php?rest_route=%2Fwp%2Fv2%2Fcomments&post=14092"}],"version-history":[{"count":1,"href":"https:\/\/lavozdetodos.com.ar\/index.php?rest_route=\/wp\/v2\/posts\/14092\/revisions"}],"predecessor-version":[{"id":14094,"href":"https:\/\/lavozdetodos.com.ar\/index.php?rest_route=\/wp\/v2\/posts\/14092\/revisions\/14094"}],"wp:featuredmedia":[{"embeddable":true,"href":"https:\/\/lavozdetodos.com.ar\/index.php?rest_route=\/wp\/v2\/media\/14093"}],"wp:attachment":[{"href":"https:\/\/lavozdetodos.com.ar\/index.php?rest_route=%2Fwp%2Fv2%2Fmedia&parent=14092"}],"wp:term":[{"taxonomy":"category","embeddable":true,"href":"https:\/\/lavozdetodos.com.ar\/index.php?rest_route=%2Fwp%2Fv2%2Fcategories&post=14092"},{"taxonomy":"post_tag","embeddable":true,"href":"https:\/\/lavozdetodos.com.ar\/index.php?rest_route=%2Fwp%2Fv2%2Ftags&post=14092"}],"curies":[{"name":"wp","href":"https:\/\/api.w.org\/{rel}","templated":true}]}}