{"id":14095,"date":"2026-09-02T16:40:26","date_gmt":"2026-09-02T19:40:26","guid":{"rendered":"https:\/\/lavozdetodos.com.ar\/?p=14095"},"modified":"2026-09-02T16:40:26","modified_gmt":"2026-09-02T19:40:26","slug":"arroyo-baru-recibio-a-estudiantes-en-una-jornada-de-intercambio","status":"publish","type":"post","link":"https:\/\/lavozdetodos.com.ar\/?p=14095","title":{"rendered":"Arroyo Bar\u00fa recibi\u00f3 a estudiantes en una jornada de intercambio"},"content":{"rendered":"<p class=\"isSelectedEnd\"><strong>Arroyo Bar\u00fa<\/strong> recibi\u00f3 a estudiantes de 4.\u00ba a\u00f1o de Econom\u00eda A y B del <strong>Instituto Comercial San Jos\u00e9<\/strong>, quienes visitaron la localidad acompa\u00f1ados por el profesor <strong>Ignacio Ben\u00edtez<\/strong> para compartir una jornada de intercambio y aprendizaje con distintas instituciones.<\/p>\n<p class=\"isSelectedEnd\">Durante la visita, los estudiantes conocieron la <strong>radio escolar del Colegio Secundario Eliseo Melchiori<\/strong>, donde participaron de un programa radial junto a alumnos de 6.\u00ba a\u00f1o. La actividad permiti\u00f3 generar un espacio de comunicaci\u00f3n, encuentro y aprendizaje entre los j\u00f3venes.<\/p>\n<p class=\"isSelectedEnd\">Posteriormente, recorrieron la <strong>Biblioteca Popular de Arroyo Bar\u00fa<\/strong>, donde conocieron parte de la historia y el patrimonio cultural de la localidad. En ese marco, el presidente comunal <strong>Javier Soto<\/strong> entreg\u00f3 a los estudiantes un ejemplar del libro sobre la historia de Arroyo Bar\u00fa, mientras que <strong>Juan Gallicet<\/strong>, integrante de la comisi\u00f3n de la biblioteca, hizo entrega de un ejemplar dedicado a la historia de la instituci\u00f3n.<\/p>\n<p class=\"isSelectedEnd\">La jornada tambi\u00e9n incluy\u00f3 una visita al <strong>Cuartel de Bomberos Voluntarios de Arroyo Bar\u00fa<\/strong>, donde fueron recibidos por el jefe del cuerpo, <strong>Ariel Mafioly<\/strong>, e integrantes del cuerpo activo. All\u00ed conocieron las instalaciones, el equipamiento y las herramientas utilizadas en las tareas de prevenci\u00f3n y respuesta ante emergencias.<\/p>\n<p>La experiencia permiti\u00f3 a los estudiantes conocer de cerca las instituciones, la historia y el trabajo comunitario que se desarrolla diariamente en Arroyo Bar\u00fa, fortaleciendo los v\u00ednculos y promoviendo nuevos espacios de intercambio entre localidades.<\/p>\n","protected":false},"excerpt":{"rendered":"<p>Arroyo Bar\u00fa recibi\u00f3 a estudiantes de 4.\u00ba a\u00f1o de Econom\u00eda A y B del Instituto Comercial San Jos\u00e9, quienes visitaron la localidad acompa\u00f1ados por el profesor Ignacio Ben\u00edtez para compartir&#8230;<\/p>\n","protected":false},"author":5,"featured_media":14096,"comment_status":"closed","ping_status":"closed","sticky":false,"template":"","format":"standard","meta":{"_kad_post_transparent":"default","_kad_post_title":"default","_kad_post_layout":"default","_kad_post_sidebar_id":"","_kad_post_content_style":"default","_kad_post_vertical_padding":"default","_kad_post_feature":"","_kad_post_feature_position":"","_kad_post_header":false,"_kad_post_footer":false,"_kad_post_classname":"","footnotes":""},"categories":[8,1],"tags":[],"class_list":["post-14095","post","type-post","status-publish","format-standard","has-post-thumbnail","hentry","category-locales","category-ultimas-noticias"],"_links":{"self":[{"href":"https:\/\/lavozdetodos.com.ar\/index.php?rest_route=\/wp\/v2\/posts\/14095","targetHints":{"allow":["GET"]}}],"collection":[{"href":"https:\/\/lavozdetodos.com.ar\/index.php?rest_route=\/wp\/v2\/posts"}],"about":[{"href":"https:\/\/lavozdetodos.com.ar\/index.php?rest_route=\/wp\/v2\/types\/post"}],"author":[{"embeddable":true,"href":"https:\/\/lavozdetodos.com.ar\/index.php?rest_route=\/wp\/v2\/users\/5"}],"replies":[{"embeddable":true,"href":"https:\/\/lavozdetodos.com.ar\/index.php?rest_route=%2Fwp%2Fv2%2Fcomments&post=14095"}],"version-history":[{"count":1,"href":"https:\/\/lavozdetodos.com.ar\/index.php?rest_route=\/wp\/v2\/posts\/14095\/revisions"}],"predecessor-version":[{"id":14097,"href":"https:\/\/lavozdetodos.com.ar\/index.php?rest_route=\/wp\/v2\/posts\/14095\/revisions\/14097"}],"wp:featuredmedia":[{"embeddable":true,"href":"https:\/\/lavozdetodos.com.ar\/index.php?rest_route=\/wp\/v2\/media\/14096"}],"wp:attachment":[{"href":"https:\/\/lavozdetodos.com.ar\/index.php?rest_route=%2Fwp%2Fv2%2Fmedia&parent=14095"}],"wp:term":[{"taxonomy":"category","embeddable":true,"href":"https:\/\/lavozdetodos.com.ar\/index.php?rest_route=%2Fwp%2Fv2%2Fcategories&post=14095"},{"taxonomy":"post_tag","embeddable":true,"href":"https:\/\/lavozdetodos.com.ar\/index.php?rest_route=%2Fwp%2Fv2%2Ftags&post=14095"}],"curies":[{"name":"wp","href":"https:\/\/api.w.org\/{rel}","templated":true}]}}