{"id":14101,"date":"2026-08-31T16:51:38","date_gmt":"2026-08-31T19:51:38","guid":{"rendered":"https:\/\/lavozdetodos.com.ar\/?p=14101"},"modified":"2026-09-02T16:52:28","modified_gmt":"2026-09-02T19:52:28","slug":"la-clarita-celebro-el-dia-del-nino-con-una-gran-jornada","status":"publish","type":"post","link":"https:\/\/lavozdetodos.com.ar\/?p=14101","title":{"rendered":"La Clarita celebr\u00f3 el D\u00eda del Ni\u00f1o con una gran jornada"},"content":{"rendered":"<p class=\"isSelectedEnd\">La localidad de <strong>La Clarita<\/strong> celebr\u00f3 el D\u00eda del Ni\u00f1o con una jornada recreativa que reuni\u00f3 a ni\u00f1os y familias en la plaza local.<\/p>\n<p class=\"isSelectedEnd\">Durante la tarde, los m\u00e1s peque\u00f1os disfrutaron de peloteros, plaza blanda y distintas propuestas recreativas. Integrantes del \u00c1NAF, junto con los instructores de la Escuelita de F\u00fatbol, organizaron actividades y juegos especialmente pensados para que los chicos pudieran divertirse y compartir.<\/p>\n<p class=\"isSelectedEnd\">La celebraci\u00f3n tambi\u00e9n cont\u00f3 con la participaci\u00f3n de emprendedores locales, quienes acompa\u00f1aron la propuesta con sus stands.<\/p>\n<p class=\"isSelectedEnd\">Como parte del festejo, se comparti\u00f3 chocolate caliente con facturas entre los presentes y cada ni\u00f1o recibi\u00f3 adem\u00e1s un copo de az\u00facar.<\/p>\n<p class=\"isSelectedEnd\">La actividad fue organizada de manera conjunta por vocales del Consejo Comunal e integrantes Comunales, quienes participaron de los preparativos y del desarrollo de la jornada.<\/p>\n<p>Desde la organizaci\u00f3n destacaron y agradecieron especialmente a todas las personas que colaboraron, as\u00ed como a las familias que se acercaron a compartir una tarde de encuentro, juegos y alegr\u00eda, donde los ni\u00f1os fueron los grandes protagonistas.<\/p>\n","protected":false},"excerpt":{"rendered":"<p>La localidad de La Clarita celebr\u00f3 el D\u00eda del Ni\u00f1o con una jornada recreativa que reuni\u00f3 a ni\u00f1os y familias en la plaza local. Durante la tarde, los m\u00e1s peque\u00f1os&#8230;<\/p>\n","protected":false},"author":5,"featured_media":14102,"comment_status":"closed","ping_status":"closed","sticky":false,"template":"","format":"standard","meta":{"_kad_post_transparent":"default","_kad_post_title":"default","_kad_post_layout":"default","_kad_post_sidebar_id":"","_kad_post_content_style":"default","_kad_post_vertical_padding":"default","_kad_post_feature":"","_kad_post_feature_position":"","_kad_post_header":false,"_kad_post_footer":false,"_kad_post_classname":"","footnotes":""},"categories":[8,1],"tags":[],"class_list":["post-14101","post","type-post","status-publish","format-standard","has-post-thumbnail","hentry","category-locales","category-ultimas-noticias"],"_links":{"self":[{"href":"https:\/\/lavozdetodos.com.ar\/index.php?rest_route=\/wp\/v2\/posts\/14101","targetHints":{"allow":["GET"]}}],"collection":[{"href":"https:\/\/lavozdetodos.com.ar\/index.php?rest_route=\/wp\/v2\/posts"}],"about":[{"href":"https:\/\/lavozdetodos.com.ar\/index.php?rest_route=\/wp\/v2\/types\/post"}],"author":[{"embeddable":true,"href":"https:\/\/lavozdetodos.com.ar\/index.php?rest_route=\/wp\/v2\/users\/5"}],"replies":[{"embeddable":true,"href":"https:\/\/lavozdetodos.com.ar\/index.php?rest_route=%2Fwp%2Fv2%2Fcomments&post=14101"}],"version-history":[{"count":1,"href":"https:\/\/lavozdetodos.com.ar\/index.php?rest_route=\/wp\/v2\/posts\/14101\/revisions"}],"predecessor-version":[{"id":14103,"href":"https:\/\/lavozdetodos.com.ar\/index.php?rest_route=\/wp\/v2\/posts\/14101\/revisions\/14103"}],"wp:featuredmedia":[{"embeddable":true,"href":"https:\/\/lavozdetodos.com.ar\/index.php?rest_route=\/wp\/v2\/media\/14102"}],"wp:attachment":[{"href":"https:\/\/lavozdetodos.com.ar\/index.php?rest_route=%2Fwp%2Fv2%2Fmedia&parent=14101"}],"wp:term":[{"taxonomy":"category","embeddable":true,"href":"https:\/\/lavozdetodos.com.ar\/index.php?rest_route=%2Fwp%2Fv2%2Fcategories&post=14101"},{"taxonomy":"post_tag","embeddable":true,"href":"https:\/\/lavozdetodos.com.ar\/index.php?rest_route=%2Fwp%2Fv2%2Ftags&post=14101"}],"curies":[{"name":"wp","href":"https:\/\/api.w.org\/{rel}","templated":true}]}}