{"id":14104,"date":"2026-08-25T16:52:33","date_gmt":"2026-08-25T19:52:33","guid":{"rendered":"https:\/\/lavozdetodos.com.ar\/?p=14104"},"modified":"2026-09-02T16:54:01","modified_gmt":"2026-09-02T19:54:01","slug":"la-clarita-fortalece-su-sistema-de-videovigilancia","status":"publish","type":"post","link":"https:\/\/lavozdetodos.com.ar\/?p=14104","title":{"rendered":"La Clarita fortalece su sistema de videovigilancia"},"content":{"rendered":"<p class=\"isSelectedEnd\">La <strong>Comuna de La Clarita<\/strong> firm\u00f3 un convenio de colaboraci\u00f3n con el <strong>Ministerio de Seguridad y Justicia de Entre R\u00edos<\/strong>, con el objetivo de continuar fortaleciendo el sistema de videovigilancia de la localidad.<\/p>\n<p class=\"isSelectedEnd\">En el marco del acuerdo, la Comuna recibir\u00e1 un aporte econ\u00f3mico que ser\u00e1 destinado a la adquisici\u00f3n de nuevos elementos y equipamiento para ampliar y mejorar la red de c\u00e1maras de seguridad.<\/p>\n<p class=\"isSelectedEnd\">Desde la Comuna destacaron que la incorporaci\u00f3n de tecnolog\u00eda permitir\u00e1 reforzar las herramientas de prevenci\u00f3n, contribuir al cuidado de los espacios p\u00fablicos y mejorar las condiciones de seguridad para los vecinos.<\/p>\n<p>De esta manera, La Clarita contin\u00faa avanzando en la incorporaci\u00f3n de tecnolog\u00eda aplicada a la prevenci\u00f3n y el fortalecimiento de la seguridad comunitaria.<\/p>\n","protected":false},"excerpt":{"rendered":"<p>La Comuna de La Clarita firm\u00f3 un convenio de colaboraci\u00f3n con el Ministerio de Seguridad y Justicia de Entre R\u00edos, con el objetivo de continuar fortaleciendo el sistema de videovigilancia&#8230;<\/p>\n","protected":false},"author":5,"featured_media":14105,"comment_status":"closed","ping_status":"closed","sticky":false,"template":"","format":"standard","meta":{"_kad_post_transparent":"default","_kad_post_title":"default","_kad_post_layout":"default","_kad_post_sidebar_id":"","_kad_post_content_style":"default","_kad_post_vertical_padding":"default","_kad_post_feature":"","_kad_post_feature_position":"","_kad_post_header":false,"_kad_post_footer":false,"_kad_post_classname":"","footnotes":""},"categories":[8,1],"tags":[],"class_list":["post-14104","post","type-post","status-publish","format-standard","has-post-thumbnail","hentry","category-locales","category-ultimas-noticias"],"_links":{"self":[{"href":"https:\/\/lavozdetodos.com.ar\/index.php?rest_route=\/wp\/v2\/posts\/14104","targetHints":{"allow":["GET"]}}],"collection":[{"href":"https:\/\/lavozdetodos.com.ar\/index.php?rest_route=\/wp\/v2\/posts"}],"about":[{"href":"https:\/\/lavozdetodos.com.ar\/index.php?rest_route=\/wp\/v2\/types\/post"}],"author":[{"embeddable":true,"href":"https:\/\/lavozdetodos.com.ar\/index.php?rest_route=\/wp\/v2\/users\/5"}],"replies":[{"embeddable":true,"href":"https:\/\/lavozdetodos.com.ar\/index.php?rest_route=%2Fwp%2Fv2%2Fcomments&post=14104"}],"version-history":[{"count":1,"href":"https:\/\/lavozdetodos.com.ar\/index.php?rest_route=\/wp\/v2\/posts\/14104\/revisions"}],"predecessor-version":[{"id":14106,"href":"https:\/\/lavozdetodos.com.ar\/index.php?rest_route=\/wp\/v2\/posts\/14104\/revisions\/14106"}],"wp:featuredmedia":[{"embeddable":true,"href":"https:\/\/lavozdetodos.com.ar\/index.php?rest_route=\/wp\/v2\/media\/14105"}],"wp:attachment":[{"href":"https:\/\/lavozdetodos.com.ar\/index.php?rest_route=%2Fwp%2Fv2%2Fmedia&parent=14104"}],"wp:term":[{"taxonomy":"category","embeddable":true,"href":"https:\/\/lavozdetodos.com.ar\/index.php?rest_route=%2Fwp%2Fv2%2Fcategories&post=14104"},{"taxonomy":"post_tag","embeddable":true,"href":"https:\/\/lavozdetodos.com.ar\/index.php?rest_route=%2Fwp%2Fv2%2Ftags&post=14104"}],"curies":[{"name":"wp","href":"https:\/\/api.w.org\/{rel}","templated":true}]}}