{"id":14107,"date":"2026-08-18T16:54:29","date_gmt":"2026-08-18T19:54:29","guid":{"rendered":"https:\/\/lavozdetodos.com.ar\/?p=14107"},"modified":"2026-09-02T16:55:17","modified_gmt":"2026-09-02T19:55:17","slug":"la-clarita-se-prepara-para-una-nueva-fiesta-sobre-rieles","status":"publish","type":"post","link":"https:\/\/lavozdetodos.com.ar\/?p=14107","title":{"rendered":"La Clarita se prepara para una nueva fiesta sobre rieles"},"content":{"rendered":"<p class=\"isSelectedEnd\">La Clarita ya comienza a prepararse para una nueva edici\u00f3n de <strong>\u201cLa Clarita Sobre Rieles\u201d<\/strong>, una celebraci\u00f3n que volver\u00e1 a reunir a vecinos y visitantes para disfrutar de una jornada de encuentro y festejo.<\/p>\n<p class=\"isSelectedEnd\">La <strong>4\u00aa edici\u00f3n<\/strong> de esta propuesta se llevar\u00e1 a cabo el <strong>domingo 4 de octubre de 2026<\/strong>, seg\u00fan anunci\u00f3 la Comuna local.<\/p>\n<p class=\"isSelectedEnd\">La jornada promete m\u00fasica, baile y diferentes propuestas para compartir en comunidad, mientras crece la expectativa por conocer las novedades que ser\u00e1n anunciadas en los pr\u00f3ximos d\u00edas.<\/p>\n<p class=\"isSelectedEnd\">Desde la organizaci\u00f3n invitaron a todos a <strong>agendar la fecha<\/strong> y prepararse para una nueva celebraci\u00f3n que tendr\u00e1 como protagonista la identidad ferroviaria de La Clarita.<\/p>\n<p><strong>El 4 de octubre, La Clarita vuelve a encontrarse sobre rieles.<\/strong><\/p>\n","protected":false},"excerpt":{"rendered":"<p>La Clarita ya comienza a prepararse para una nueva edici\u00f3n de \u201cLa Clarita Sobre Rieles\u201d, una celebraci\u00f3n que volver\u00e1 a reunir a vecinos y visitantes para disfrutar de una jornada&#8230;<\/p>\n","protected":false},"author":5,"featured_media":14108,"comment_status":"closed","ping_status":"closed","sticky":false,"template":"","format":"standard","meta":{"_kad_post_transparent":"default","_kad_post_title":"default","_kad_post_layout":"default","_kad_post_sidebar_id":"","_kad_post_content_style":"default","_kad_post_vertical_padding":"default","_kad_post_feature":"","_kad_post_feature_position":"","_kad_post_header":false,"_kad_post_footer":false,"_kad_post_classname":"","footnotes":""},"categories":[8,1],"tags":[],"class_list":["post-14107","post","type-post","status-publish","format-standard","has-post-thumbnail","hentry","category-locales","category-ultimas-noticias"],"_links":{"self":[{"href":"https:\/\/lavozdetodos.com.ar\/index.php?rest_route=\/wp\/v2\/posts\/14107","targetHints":{"allow":["GET"]}}],"collection":[{"href":"https:\/\/lavozdetodos.com.ar\/index.php?rest_route=\/wp\/v2\/posts"}],"about":[{"href":"https:\/\/lavozdetodos.com.ar\/index.php?rest_route=\/wp\/v2\/types\/post"}],"author":[{"embeddable":true,"href":"https:\/\/lavozdetodos.com.ar\/index.php?rest_route=\/wp\/v2\/users\/5"}],"replies":[{"embeddable":true,"href":"https:\/\/lavozdetodos.com.ar\/index.php?rest_route=%2Fwp%2Fv2%2Fcomments&post=14107"}],"version-history":[{"count":1,"href":"https:\/\/lavozdetodos.com.ar\/index.php?rest_route=\/wp\/v2\/posts\/14107\/revisions"}],"predecessor-version":[{"id":14109,"href":"https:\/\/lavozdetodos.com.ar\/index.php?rest_route=\/wp\/v2\/posts\/14107\/revisions\/14109"}],"wp:featuredmedia":[{"embeddable":true,"href":"https:\/\/lavozdetodos.com.ar\/index.php?rest_route=\/wp\/v2\/media\/14108"}],"wp:attachment":[{"href":"https:\/\/lavozdetodos.com.ar\/index.php?rest_route=%2Fwp%2Fv2%2Fmedia&parent=14107"}],"wp:term":[{"taxonomy":"category","embeddable":true,"href":"https:\/\/lavozdetodos.com.ar\/index.php?rest_route=%2Fwp%2Fv2%2Fcategories&post=14107"},{"taxonomy":"post_tag","embeddable":true,"href":"https:\/\/lavozdetodos.com.ar\/index.php?rest_route=%2Fwp%2Fv2%2Ftags&post=14107"}],"curies":[{"name":"wp","href":"https:\/\/api.w.org\/{rel}","templated":true}]}}