{"id":2097,"date":"2019-10-28T23:20:40","date_gmt":"2019-10-29T02:20:40","guid":{"rendered":"http:\/\/lavozdetodos.com.ar\/?p=2097"},"modified":"2019-10-30T12:41:18","modified_gmt":"2019-10-30T15:41:18","slug":"fiesta-de-la-ciudad-de-villa-elisa-129-anos-anfiteatro-municipal","status":"publish","type":"post","link":"https:\/\/lavozdetodos.com.ar\/?p=2097","title":{"rendered":"Fiesta de la ciudad de Villa Elisa 129 a\u00f1os, anfiteatro municipal"},"content":{"rendered":"<p>El s\u00e1bado 2 de noviembre a partir de las 18 hs. Villa Elisa festeja sus 129 a\u00f1os con una variada grilla de actividades y organizado por la C\u00e1mara de Turismo de Villa Elisa y la Asociaci\u00f3n Civil La Fragua.<\/p>\n<p>&nbsp;<\/p>\n<div class=\"\" data-block=\"true\" data-editor=\"3h2hq\" data-offset-key=\"6jhvl-0-0\">\n<div class=\"_1mf _1mj\" data-offset-key=\"6jhvl-0-0\"><span data-offset-key=\"6jhvl-0-0\">El primer s\u00e1bado de Noviembre, Con actividades para chicos, m\u00fasica en vivo, danza, ferias de artesanos, patios de comidas, cantinas, y un gran baile popular como cierre la ciudad de Villa Elisa festeja su aniversario.<\/span><\/div>\n<\/div>\n<div class=\"\" data-block=\"true\" data-editor=\"3h2hq\" data-offset-key=\"calfl-0-0\">\n<div class=\"_1mf _1mj\" data-offset-key=\"calfl-0-0\"><span data-offset-key=\"calfl-0-0\">El programa inicia a las 18 hs. con actividades para los para chicos a cargo de \u201cCosifango circo\u201d y \u201cRochiglams y su reino\u201d, continuar\u00e1 con m\u00fasica en vivo con los mas variados g\u00e9neros entre los que se encuentran candombe, folclore, tango, m\u00fasica tropical y Funk \u2013 rock con grupos musicales como \u201cThemb\u00fa Candombe\u201d , \u201cGrupo La Vuelta\u201d , \u00abEl entrevero\u00bb ,\u00bb40 y pico\u00bb, \u00abCristian Lantelme\u201d, \u00abGrupo Iron\u00eda\u00bb, \u00abLa Quinta Sensaci\u00f3n\u00bb y \u00abRefunkiados\u00bb.<\/span><\/div>\n<\/div>\n<div class=\"\" data-block=\"true\" data-editor=\"3h2hq\" data-offset-key=\"egpv4-0-0\">\n<div class=\"_1mf _1mj\" data-offset-key=\"egpv4-0-0\"><span data-offset-key=\"egpv4-0-0\">Adem\u00e1s se contar\u00e1 con la participaci\u00f3n especial de Fusi\u00f3n Ballet y la pareja de Danza Tradicional Catherine Morales y Diego Obispo.<\/span><\/div>\n<div data-offset-key=\"egpv4-0-0\"><\/div>\n<\/div>\n<div data-offset-key=\"egpv4-0-0\"><\/div>\n<div data-offset-key=\"egpv4-0-0\"><img fetchpriority=\"high\" decoding=\"async\" class=\"size-medium wp-image-2099 aligncenter\" src=\"http:\/\/lavozdetodos.com.ar\/wp-content\/uploads\/2019\/10\/2-7-300x290.jpg\" alt=\"\" width=\"300\" height=\"290\" srcset=\"https:\/\/lavozdetodos.com.ar\/wp-content\/uploads\/2019\/10\/2-7-300x290.jpg 300w, https:\/\/lavozdetodos.com.ar\/wp-content\/uploads\/2019\/10\/2-7.jpg 560w\" sizes=\"(max-width: 300px) 100vw, 300px\" \/><\/div>\n<div data-offset-key=\"egpv4-0-0\"><\/div>\n<div data-offset-key=\"egpv4-0-0\"><\/div>\n<div data-offset-key=\"egpv4-0-0\"><span data-offset-key=\"55q0m-0-0\">Esta fiesta es organizada en forma conjunta por la C\u00e1mara de Turismo de Villa Elisa y La Fragua con la colaboraci\u00f3n de la Direcci\u00f3n de Turismo, la Direcci\u00f3n de Cultura y la Secretar\u00eda de Obras y Servicios P\u00fablicos de la Municipalidad.\u00a0<\/span>Tambi\u00e9n se contar\u00e1 con la participaran de Instituciones de Villa Elisa y la Promo 2020.<\/div>\n","protected":false},"excerpt":{"rendered":"<p>El s\u00e1bado 2 de noviembre a partir de las 18 hs. Villa Elisa festeja sus 129 a\u00f1os con una variada grilla de actividades y organizado por la C\u00e1mara de Turismo&#8230;<\/p>\n","protected":false},"author":5,"featured_media":2098,"comment_status":"closed","ping_status":"open","sticky":false,"template":"","format":"standard","meta":{"_kad_post_transparent":"","_kad_post_title":"","_kad_post_layout":"","_kad_post_sidebar_id":"","_kad_post_content_style":"","_kad_post_vertical_padding":"","_kad_post_feature":"","_kad_post_feature_position":"","_kad_post_header":false,"_kad_post_footer":false,"_kad_post_classname":"","footnotes":""},"categories":[8,1],"tags":[369,368,370],"class_list":["post-2097","post","type-post","status-publish","format-standard","has-post-thumbnail","hentry","category-locales","category-ultimas-noticias","tag-129-anos","tag-fiesta-de-la-ciudad-de-villa-elisa-129-anos","tag-fiesta-de-villa-elisa"],"_links":{"self":[{"href":"https:\/\/lavozdetodos.com.ar\/index.php?rest_route=\/wp\/v2\/posts\/2097","targetHints":{"allow":["GET"]}}],"collection":[{"href":"https:\/\/lavozdetodos.com.ar\/index.php?rest_route=\/wp\/v2\/posts"}],"about":[{"href":"https:\/\/lavozdetodos.com.ar\/index.php?rest_route=\/wp\/v2\/types\/post"}],"author":[{"embeddable":true,"href":"https:\/\/lavozdetodos.com.ar\/index.php?rest_route=\/wp\/v2\/users\/5"}],"replies":[{"embeddable":true,"href":"https:\/\/lavozdetodos.com.ar\/index.php?rest_route=%2Fwp%2Fv2%2Fcomments&post=2097"}],"version-history":[{"count":0,"href":"https:\/\/lavozdetodos.com.ar\/index.php?rest_route=\/wp\/v2\/posts\/2097\/revisions"}],"wp:featuredmedia":[{"embeddable":true,"href":"https:\/\/lavozdetodos.com.ar\/index.php?rest_route=\/wp\/v2\/media\/2098"}],"wp:attachment":[{"href":"https:\/\/lavozdetodos.com.ar\/index.php?rest_route=%2Fwp%2Fv2%2Fmedia&parent=2097"}],"wp:term":[{"taxonomy":"category","embeddable":true,"href":"https:\/\/lavozdetodos.com.ar\/index.php?rest_route=%2Fwp%2Fv2%2Fcategories&post=2097"},{"taxonomy":"post_tag","embeddable":true,"href":"https:\/\/lavozdetodos.com.ar\/index.php?rest_route=%2Fwp%2Fv2%2Ftags&post=2097"}],"curies":[{"name":"wp","href":"https:\/\/api.w.org\/{rel}","templated":true}]}}