{"id":2320,"date":"2019-11-07T12:08:27","date_gmt":"2019-11-07T15:08:27","guid":{"rendered":"http:\/\/lavozdetodos.com.ar\/?p=2320"},"modified":"2019-11-08T20:38:43","modified_gmt":"2019-11-08T23:38:43","slug":"colon-formal-secuestro-de-una-bicicleta-de-competicion","status":"publish","type":"post","link":"https:\/\/lavozdetodos.com.ar\/?p=2320","title":{"rendered":"Formal secuestro de una bicicleta de competici\u00f3n en Col\u00f3n"},"content":{"rendered":"<p>Personal policial que se encontraba de recorridas de prevenci\u00f3n, visualiza en Av. Urquiza de la ciudad de Col\u00f3n, una bicicleta de competici\u00f3n marca Bernardi, de color verde oscuro y verde claro, rodado N\u00b026, depositada sobre cajones de pl\u00e1stico, sin medidas de seguridad alguna y sin alguien que acredite ser su propietario.<\/p>\n<p>&nbsp;<\/p>\n<p>Consecuentemente se procede al formal secuestro de este rodado, al traslado hacia la Jefatura Departamental para su resguardo y posterior localizaci\u00f3n de sus due\u00f1os.<\/p>\n","protected":false},"excerpt":{"rendered":"<p>Personal policial que se encontraba de recorridas de prevenci\u00f3n, visualiza en Av. Urquiza de la ciudad de Col\u00f3n, una bicicleta de competici\u00f3n marca Bernardi, de color verde oscuro y verde&#8230;<\/p>\n","protected":false},"author":5,"featured_media":2321,"comment_status":"closed","ping_status":"open","sticky":false,"template":"","format":"standard","meta":{"_kad_post_transparent":"","_kad_post_title":"","_kad_post_layout":"","_kad_post_sidebar_id":"","_kad_post_content_style":"","_kad_post_vertical_padding":"","_kad_post_feature":"","_kad_post_feature_position":"","_kad_post_header":false,"_kad_post_footer":false,"_kad_post_classname":"","footnotes":""},"categories":[8,1],"tags":[504,164,503,502],"class_list":["post-2320","post","type-post","status-publish","format-standard","has-post-thumbnail","hentry","category-locales","category-ultimas-noticias","tag-bicicleta","tag-colon","tag-secuestro","tag-secuestro-de-una-bicicleta"],"_links":{"self":[{"href":"https:\/\/lavozdetodos.com.ar\/index.php?rest_route=\/wp\/v2\/posts\/2320","targetHints":{"allow":["GET"]}}],"collection":[{"href":"https:\/\/lavozdetodos.com.ar\/index.php?rest_route=\/wp\/v2\/posts"}],"about":[{"href":"https:\/\/lavozdetodos.com.ar\/index.php?rest_route=\/wp\/v2\/types\/post"}],"author":[{"embeddable":true,"href":"https:\/\/lavozdetodos.com.ar\/index.php?rest_route=\/wp\/v2\/users\/5"}],"replies":[{"embeddable":true,"href":"https:\/\/lavozdetodos.com.ar\/index.php?rest_route=%2Fwp%2Fv2%2Fcomments&post=2320"}],"version-history":[{"count":0,"href":"https:\/\/lavozdetodos.com.ar\/index.php?rest_route=\/wp\/v2\/posts\/2320\/revisions"}],"wp:featuredmedia":[{"embeddable":true,"href":"https:\/\/lavozdetodos.com.ar\/index.php?rest_route=\/wp\/v2\/media\/2321"}],"wp:attachment":[{"href":"https:\/\/lavozdetodos.com.ar\/index.php?rest_route=%2Fwp%2Fv2%2Fmedia&parent=2320"}],"wp:term":[{"taxonomy":"category","embeddable":true,"href":"https:\/\/lavozdetodos.com.ar\/index.php?rest_route=%2Fwp%2Fv2%2Fcategories&post=2320"},{"taxonomy":"post_tag","embeddable":true,"href":"https:\/\/lavozdetodos.com.ar\/index.php?rest_route=%2Fwp%2Fv2%2Ftags&post=2320"}],"curies":[{"name":"wp","href":"https:\/\/api.w.org\/{rel}","templated":true}]}}