{"id":2430,"date":"2019-11-11T15:50:23","date_gmt":"2019-11-11T18:50:23","guid":{"rendered":"http:\/\/lavozdetodos.com.ar\/?p=2430"},"modified":"2019-11-13T12:02:06","modified_gmt":"2019-11-13T15:02:06","slug":"por-que-se-celebra-hoy-el-dia-del-cornudo","status":"publish","type":"post","link":"https:\/\/lavozdetodos.com.ar\/?p=2430","title":{"rendered":"\u00bfPor qu\u00e9 se celebra hoy 11 de Noviembre el d\u00eda del \u00abcornudo\u00bb?"},"content":{"rendered":"<p><em><strong>Todos los 11 de noviembre se conmemora la Fiesta del Cornuti en Italia.<\/strong><\/em><\/p>\n<p>El mundo da para todo. En Italia, todos los a\u00f1os, <em><strong>el 11 de noviembre se conmemora el d\u00eda del cornudo<\/strong><\/em>.<\/p>\n<p>&nbsp;<\/p>\n<p>El peque\u00f1o pueblo de Rocca Canterano realiza a\u00f1o a a\u00f1o la Festa dei Cornuti, un homenaje a San Mart\u00edn de Tours, el patrono de los infieles.<\/p>\n<p>&nbsp;<\/p>\n<p><img fetchpriority=\"high\" decoding=\"async\" class=\"size-medium wp-image-2431 aligncenter\" src=\"http:\/\/lavozdetodos.com.ar\/wp-content\/uploads\/2019\/11\/cornudo-1-300x185.jpg\" alt=\"\" width=\"300\" height=\"185\" srcset=\"https:\/\/lavozdetodos.com.ar\/wp-content\/uploads\/2019\/11\/cornudo-1-300x185.jpg 300w, https:\/\/lavozdetodos.com.ar\/wp-content\/uploads\/2019\/11\/cornudo-1-115x72.jpg 115w, https:\/\/lavozdetodos.com.ar\/wp-content\/uploads\/2019\/11\/cornudo-1.jpg 560w\" sizes=\"(max-width: 300px) 100vw, 300px\" \/><\/p>\n<p>&nbsp;<\/p>\n<p>A pesar de que se conmemora todos los 11 de noviembre, la fiesta se realiz\u00f3 el s\u00e1bado 9 y domingo 10. En el poblado, ubicado cerca de Roma, todos los habitantes se ponen un sombrero con cuernos.<\/p>\n<p>&nbsp;<\/p>\n<p>\u00abUsa un buen par de cuernos y dir\u00edgete a Rocca Canterano, un peque\u00f1o pueblo de la provincia de Roma para celebrar. El evento es mejor conocido como el Festival de Cornudo\u00bb, dec\u00eda la invitaci\u00f3n oficial.<\/p>\n<p>&nbsp;<\/p>\n<p>Hay dos teor\u00edas sobre el origen del festejo: algunos dicen que los celtas celebraban el fin de a\u00f1o en noviembre durante doce d\u00edas y las infidelidades eran frecuentes en esa fiesta.<\/p>\n<p>&nbsp;<\/p>\n<p>La otra teor\u00eda habla de las fiestas de ganado de la zona y como los animales suelen tener cuernos de tama\u00f1o considerable, qued\u00f3 el tema de la cornamenta.<\/p>\n<p>&nbsp;<\/p>\n<p style=\"text-align: right;\"><span style=\"color: #000000;\"><a style=\"color: #000000;\" href=\"https:\/\/telefenoticias.com.ar\/curiosidades\/por-que-se-celebra-hoy-el-dia-del-cornudo\/?fbclid=IwAR2bnbWEilfRtj_7Kdt07yoGlLiiiTUzyR2qFUTMdR0qpbzCpQ3snwZL9ik\"><span style=\"font-size: 10pt;\"><strong>(telefenoticias.com.ar)<\/strong><\/span><\/a><\/span><\/p>\n","protected":false},"excerpt":{"rendered":"<p>Todos los 11 de noviembre se conmemora la Fiesta del Cornuti en Italia. El mundo da para todo. En Italia, todos los a\u00f1os, el 11 de noviembre se conmemora el&#8230;<\/p>\n","protected":false},"author":5,"featured_media":2432,"comment_status":"closed","ping_status":"open","sticky":false,"template":"","format":"standard","meta":{"_kad_post_transparent":"","_kad_post_title":"","_kad_post_layout":"","_kad_post_sidebar_id":"","_kad_post_content_style":"","_kad_post_vertical_padding":"","_kad_post_feature":"","_kad_post_feature_position":"","_kad_post_header":false,"_kad_post_footer":false,"_kad_post_classname":"","footnotes":""},"categories":[18,1],"tags":[548,549,547],"class_list":["post-2430","post","type-post","status-publish","format-standard","has-post-thumbnail","hentry","category-internacionales","category-ultimas-noticias","tag-cornudo","tag-dia-de-que-es-hoy","tag-dia-del-cornudo"],"_links":{"self":[{"href":"https:\/\/lavozdetodos.com.ar\/index.php?rest_route=\/wp\/v2\/posts\/2430","targetHints":{"allow":["GET"]}}],"collection":[{"href":"https:\/\/lavozdetodos.com.ar\/index.php?rest_route=\/wp\/v2\/posts"}],"about":[{"href":"https:\/\/lavozdetodos.com.ar\/index.php?rest_route=\/wp\/v2\/types\/post"}],"author":[{"embeddable":true,"href":"https:\/\/lavozdetodos.com.ar\/index.php?rest_route=\/wp\/v2\/users\/5"}],"replies":[{"embeddable":true,"href":"https:\/\/lavozdetodos.com.ar\/index.php?rest_route=%2Fwp%2Fv2%2Fcomments&post=2430"}],"version-history":[{"count":0,"href":"https:\/\/lavozdetodos.com.ar\/index.php?rest_route=\/wp\/v2\/posts\/2430\/revisions"}],"wp:featuredmedia":[{"embeddable":true,"href":"https:\/\/lavozdetodos.com.ar\/index.php?rest_route=\/wp\/v2\/media\/2432"}],"wp:attachment":[{"href":"https:\/\/lavozdetodos.com.ar\/index.php?rest_route=%2Fwp%2Fv2%2Fmedia&parent=2430"}],"wp:term":[{"taxonomy":"category","embeddable":true,"href":"https:\/\/lavozdetodos.com.ar\/index.php?rest_route=%2Fwp%2Fv2%2Fcategories&post=2430"},{"taxonomy":"post_tag","embeddable":true,"href":"https:\/\/lavozdetodos.com.ar\/index.php?rest_route=%2Fwp%2Fv2%2Ftags&post=2430"}],"curies":[{"name":"wp","href":"https:\/\/api.w.org\/{rel}","templated":true}]}}